{"id":3779,"date":"2022-01-18T13:29:40","date_gmt":"2022-01-18T18:29:40","guid":{"rendered":"http:\/\/cbrcr.org\/?p=3779"},"modified":"2025-02-27T08:55:52","modified_gmt":"2025-02-27T13:55:52","slug":"mobilisation-et-sensibilisation-en-milieu-agricole-pour-lamenagement-de-berges-et-de-corridors-fauniques-dans-le-bassin-versant-de-la-riviere-du-cap-rouge","status":"publish","type":"post","link":"http:\/\/cbrcr.org\/index.php\/2022\/01\/18\/mobilisation-et-sensibilisation-en-milieu-agricole-pour-lamenagement-de-berges-et-de-corridors-fauniques-dans-le-bassin-versant-de-la-riviere-du-cap-rouge\/","title":{"rendered":"Mobilisation et sensibilisation en milieu agricole pour l\u2019am\u00e9nagement de berges et de corridors fauniques dans le bassin versant de la rivi\u00e8re du Cap Rouge"},"content":{"rendered":"\t\t<div data-elementor-type=\"wp-post\" data-elementor-id=\"3779\" class=\"elementor elementor-3779\" data-elementor-post-type=\"post\">\n\t\t\t\t\t\t<section class=\"elementor-section elementor-top-section elementor-element elementor-element-112cdd5 elementor-section-boxed elementor-section-height-default elementor-section-height-default\" data-id=\"112cdd5\" data-element_type=\"section\" data-e-type=\"section\">\n\t\t\t\t\t\t<div class=\"elementor-container elementor-column-gap-default\">\n\t\t\t\t\t<div class=\"elementor-column elementor-col-100 elementor-top-column elementor-element elementor-element-f7aa2b6\" data-id=\"f7aa2b6\" data-element_type=\"column\" data-e-type=\"column\">\n\t\t\t<div class=\"elementor-widget-wrap elementor-element-populated\">\n\t\t\t\t\t\t<div class=\"elementor-element elementor-element-86c602c elementor-widget elementor-widget-heading\" data-id=\"86c602c\" data-element_type=\"widget\" data-e-type=\"widget\" data-widget_type=\"heading.default\">\n\t\t\t\t<div class=\"elementor-widget-container\">\n\t\t\t\t\t<h2 class=\"elementor-heading-title elementor-size-default\">Objectifs<\/h2>\t\t\t\t<\/div>\n\t\t\t\t<\/div>\n\t\t\t\t<div class=\"elementor-element elementor-element-6471830 elementor-widget elementor-widget-text-editor\" data-id=\"6471830\" data-element_type=\"widget\" data-e-type=\"widget\" data-widget_type=\"text-editor.default\">\n\t\t\t\t<div class=\"elementor-widget-container\">\n\t\t\t\t\t\t\t\t\t<ul><li style=\"list-style-type: none;\"><ul><li>Sensibiliser les agriculteurs \u00e0 la perte de biodiversit\u00e9 dans le milieu agricole et riverain.<\/li><li>Proposer des solutions pratiques afin d\u2019am\u00e9liorer la diversit\u00e9 biologique ainsi que la qualit\u00e9 des habitats fauniques et des plans d\u2019eau sur le territoire du bassin versant de la rivi\u00e8re du Cap Rouge.<\/li><\/ul><\/li><\/ul>\t\t\t\t\t\t\t\t<\/div>\n\t\t\t\t<\/div>\n\t\t\t\t\t<\/div>\n\t\t<\/div>\n\t\t\t\t\t<\/div>\n\t\t<\/section>\n\t\t\t\t<section class=\"elementor-section elementor-top-section elementor-element elementor-element-9a6f601 elementor-section-boxed elementor-section-height-default elementor-section-height-default\" data-id=\"9a6f601\" data-element_type=\"section\" data-e-type=\"section\">\n\t\t\t\t\t\t<div class=\"elementor-container elementor-column-gap-default\">\n\t\t\t\t\t<div class=\"elementor-column elementor-col-50 elementor-top-column elementor-element elementor-element-fda1040\" data-id=\"fda1040\" data-element_type=\"column\" data-e-type=\"column\">\n\t\t\t<div class=\"elementor-widget-wrap elementor-element-populated\">\n\t\t\t\t\t\t<div class=\"elementor-element elementor-element-e1cabb2 elementor-widget elementor-widget-image-gallery\" data-id=\"e1cabb2\" data-element_type=\"widget\" data-e-type=\"widget\" data-widget_type=\"image-gallery.default\">\n\t\t\t\t<div class=\"elementor-widget-container\">\n\t\t\t\t\t\t\t<div class=\"elementor-image-gallery\">\n\t\t\t\n<a data-elementor-open-lightbox=\"yes\" data-elementor-lightbox-slideshow=\"e1cabb2\" data-elementor-lightbox-title=\"IMG_2148\" data-e-action-hash=\"#elementor-action%3Aaction%3Dlightbox%26settings%3DeyJpZCI6Mzc4NCwidXJsIjoiaHR0cDpcL1wvY2JyY3Iub3JnXC93cC1jb250ZW50XC91cGxvYWRzXC8yMDIxXC8xMVwvSU1HXzIxNDguanBnIiwic2xpZGVzaG93IjoiZTFjYWJiMiJ9\" href='http:\/\/cbrcr.org\/wp-content\/uploads\/2021\/11\/IMG_2148.jpg'><img fetchpriority=\"high\" decoding=\"async\" width=\"4032\" height=\"3024\" src=\"http:\/\/cbrcr.org\/wp-content\/uploads\/2021\/11\/IMG_2148.jpg\" class=\"attachment-full size-full\" alt=\"\" srcset=\"http:\/\/cbrcr.org\/wp-content\/uploads\/2021\/11\/IMG_2148.jpg 4032w, http:\/\/cbrcr.org\/wp-content\/uploads\/2021\/11\/IMG_2148-300x225.jpg 300w, http:\/\/cbrcr.org\/wp-content\/uploads\/2021\/11\/IMG_2148-768x576.jpg 768w, http:\/\/cbrcr.org\/wp-content\/uploads\/2021\/11\/IMG_2148-1024x768.jpg 1024w, http:\/\/cbrcr.org\/wp-content\/uploads\/2021\/11\/IMG_2148-350x263.jpg 350w\" sizes=\"(max-width: 767px) 89vw, (max-width: 1000px) 54vw, (max-width: 1071px) 543px, 580px\" \/><\/a>\n<a data-elementor-open-lightbox=\"yes\" data-elementor-lightbox-slideshow=\"e1cabb2\" data-elementor-lightbox-title=\"IMG_0865\" data-e-action-hash=\"#elementor-action%3Aaction%3Dlightbox%26settings%3DeyJpZCI6Mzc4NywidXJsIjoiaHR0cDpcL1wvY2JyY3Iub3JnXC93cC1jb250ZW50XC91cGxvYWRzXC8yMDIxXC8xMVwvSU1HXzA4NjUuanBnIiwic2xpZGVzaG93IjoiZTFjYWJiMiJ9\" href='http:\/\/cbrcr.org\/wp-content\/uploads\/2021\/11\/IMG_0865.jpg'><img decoding=\"async\" width=\"4032\" height=\"3024\" src=\"http:\/\/cbrcr.org\/wp-content\/uploads\/2021\/11\/IMG_0865.jpg\" class=\"attachment-full size-full\" alt=\"\" srcset=\"http:\/\/cbrcr.org\/wp-content\/uploads\/2021\/11\/IMG_0865.jpg 4032w, http:\/\/cbrcr.org\/wp-content\/uploads\/2021\/11\/IMG_0865-300x225.jpg 300w, http:\/\/cbrcr.org\/wp-content\/uploads\/2021\/11\/IMG_0865-768x576.jpg 768w, http:\/\/cbrcr.org\/wp-content\/uploads\/2021\/11\/IMG_0865-1024x768.jpg 1024w, http:\/\/cbrcr.org\/wp-content\/uploads\/2021\/11\/IMG_0865-350x263.jpg 350w\" sizes=\"(max-width: 767px) 89vw, (max-width: 1000px) 54vw, (max-width: 1071px) 543px, 580px\" \/><\/a>\n<a data-elementor-open-lightbox=\"yes\" data-elementor-lightbox-slideshow=\"e1cabb2\" data-elementor-lightbox-title=\"IMG_2143\" data-e-action-hash=\"#elementor-action%3Aaction%3Dlightbox%26settings%3DeyJpZCI6Mzc4NSwidXJsIjoiaHR0cDpcL1wvY2JyY3Iub3JnXC93cC1jb250ZW50XC91cGxvYWRzXC8yMDIxXC8xMVwvSU1HXzIxNDMuanBnIiwic2xpZGVzaG93IjoiZTFjYWJiMiJ9\" href='http:\/\/cbrcr.org\/wp-content\/uploads\/2021\/11\/IMG_2143.jpg'><img decoding=\"async\" width=\"4032\" height=\"3024\" src=\"http:\/\/cbrcr.org\/wp-content\/uploads\/2021\/11\/IMG_2143.jpg\" class=\"attachment-full size-full\" alt=\"\" srcset=\"http:\/\/cbrcr.org\/wp-content\/uploads\/2021\/11\/IMG_2143.jpg 4032w, http:\/\/cbrcr.org\/wp-content\/uploads\/2021\/11\/IMG_2143-300x225.jpg 300w, http:\/\/cbrcr.org\/wp-content\/uploads\/2021\/11\/IMG_2143-768x576.jpg 768w, http:\/\/cbrcr.org\/wp-content\/uploads\/2021\/11\/IMG_2143-1024x768.jpg 1024w, http:\/\/cbrcr.org\/wp-content\/uploads\/2021\/11\/IMG_2143-350x263.jpg 350w\" sizes=\"(max-width: 767px) 89vw, (max-width: 1000px) 54vw, (max-width: 1071px) 543px, 580px\" \/><\/a>\n<a data-elementor-open-lightbox=\"yes\" data-elementor-lightbox-slideshow=\"e1cabb2\" data-elementor-lightbox-title=\"Cahier du propri\u00e9taire 2021\" data-e-action-hash=\"#elementor-action%3Aaction%3Dlightbox%26settings%3DeyJpZCI6NTIwOCwidXJsIjoiaHR0cDpcL1wvY2JyY3Iub3JnXC93cC1jb250ZW50XC91cGxvYWRzXC8yMDIyXC8wMVwvQ2FwdHVyZS1kZWNyYW4tMjAyMi0wMS0yNi0xNDI4MzQuanBnIiwic2xpZGVzaG93IjoiZTFjYWJiMiJ9\" href='http:\/\/cbrcr.org\/wp-content\/uploads\/2022\/01\/Capture-decran-2022-01-26-142834.jpg'><img loading=\"lazy\" decoding=\"async\" width=\"1138\" height=\"862\" src=\"http:\/\/cbrcr.org\/wp-content\/uploads\/2022\/01\/Capture-decran-2022-01-26-142834.jpg\" class=\"attachment-full size-full\" alt=\"\" srcset=\"http:\/\/cbrcr.org\/wp-content\/uploads\/2022\/01\/Capture-decran-2022-01-26-142834.jpg 1138w, http:\/\/cbrcr.org\/wp-content\/uploads\/2022\/01\/Capture-decran-2022-01-26-142834-300x227.jpg 300w, http:\/\/cbrcr.org\/wp-content\/uploads\/2022\/01\/Capture-decran-2022-01-26-142834-1024x776.jpg 1024w, http:\/\/cbrcr.org\/wp-content\/uploads\/2022\/01\/Capture-decran-2022-01-26-142834-768x582.jpg 768w, http:\/\/cbrcr.org\/wp-content\/uploads\/2022\/01\/Capture-decran-2022-01-26-142834-350x265.jpg 350w\" sizes=\"(max-width: 767px) 89vw, (max-width: 1000px) 54vw, (max-width: 1071px) 543px, 580px\" \/><\/a>\n\t\t<\/div>\n\t\t\t\t\t\t<\/div>\n\t\t\t\t<\/div>\n\t\t\t\t\t<\/div>\n\t\t<\/div>\n\t\t\t\t<div class=\"elementor-column elementor-col-50 elementor-top-column elementor-element elementor-element-95a9c5e\" data-id=\"95a9c5e\" data-element_type=\"column\" data-e-type=\"column\">\n\t\t\t<div class=\"elementor-widget-wrap elementor-element-populated\">\n\t\t\t\t\t\t<div class=\"elementor-element elementor-element-446e386 elementor-widget elementor-widget-heading\" data-id=\"446e386\" data-element_type=\"widget\" data-e-type=\"widget\" data-widget_type=\"heading.default\">\n\t\t\t\t<div class=\"elementor-widget-container\">\n\t\t\t\t\t<h2 class=\"elementor-heading-title elementor-size-default\">R\u00e9sum\u00e9 du projet<\/h2>\t\t\t\t<\/div>\n\t\t\t\t<\/div>\n\t\t\t\t<div class=\"elementor-element elementor-element-faca567 elementor-widget elementor-widget-text-editor\" data-id=\"faca567\" data-element_type=\"widget\" data-e-type=\"widget\" data-widget_type=\"text-editor.default\">\n\t\t\t\t<div class=\"elementor-widget-container\">\n\t\t\t\t\t\t\t\t\t<p>Ce projet a \u00e9t\u00e9 financ\u00e9 par le minist\u00e8re de l\u2019Agriculture, des P\u00eacheries et de l\u2019Alimentation dans le cadre du programme Prime-Vert et s\u2019inscrit en continuit\u00e9 d\u2019un projet semblable port\u00e9 par l\u2019organisme des bassins versants de la Capitale (OBVC) entre 2012-2014 sur le sous-bassin-versant du ruisseau d\u2019Eau Claire situ\u00e9 en t\u00eate du bassin versant de la rivi\u00e8re du Cap Rouge.<\/p><p>Par le biais du programme Prime-Vert et d\u2019agronomes, le CBRCR d\u00e9sire accompagner les agriculteurs en 2022 dans la r\u00e9alisation d\u2019am\u00e9nagements agroenvironnementaux afin de r\u00e9pondre \u00e0 certains d\u00e9fis et probl\u00e9matiques rencontr\u00e9es par ces derniers sur leur propri\u00e9t\u00e9 en accord avec leur plan d\u2019accompagnement agroenvironnemental (PAA). Les am\u00e9nagements agroenvironnementaux durables qui seront propos\u00e9s peuvent \u00eatre l\u2019implantation des haies brise-vent, une bande riveraine \u00e9largie ou tout autre am\u00e9nagement favorisant la biodiversit\u00e9 (bande ou \u00eelot fleuri, zone tampon, &#8230;).<\/p><p>Pour plus d\u2019information, consulter la<a href=\"https:\/\/www.mapaq.gouv.qc.ca\/fr\/Productions\/md\/programmesliste\/agroenvironnement\/sous-volets\/Pages\/Volet-1.aspx\" target=\"_blank\" rel=\"noopener\"> page du programme.<\/a><\/p><p>Ces am\u00e9nagements en plus de profiter \u00e0 l\u2019environnement en cr\u00e9ant, notamment\u00a0: des habitats fauniques, en prot\u00e9geant les plans d\u2019eau et en cr\u00e9ant des corridors fauniques, offrent aussi des services \u00e9cosyst\u00e9miques aux agriculteurs, comme la lutte contre l\u2019\u00e9rosion de leurs rives. En effet, en 2019, une caract\u00e9risation des berges en secteur agricole a permis d\u2019\u00e9valuer que pr\u00e8s de la moiti\u00e9 des bandes riveraines agricoles \u00e9taient compos\u00e9es par une strate herbac\u00e9e et d\u2019une berge v\u00e9g\u00e9talis\u00e9e d\u2019une largeur de moins de 3 m. La r\u00e9duction des bandes riveraines peut entra\u00eener plusieurs probl\u00e9matiques environnementales, dont la perte d\u2019habitat faunique et la d\u00e9gradation de la qualit\u00e9 de l\u2019eau.<\/p>\t\t\t\t\t\t\t\t<\/div>\n\t\t\t\t<\/div>\n\t\t\t\t\t<\/div>\n\t\t<\/div>\n\t\t\t\t\t<\/div>\n\t\t<\/section>\n\t\t\t\t<section class=\"elementor-section elementor-top-section elementor-element elementor-element-2a6adcc elementor-section-boxed elementor-section-height-default elementor-section-height-default\" data-id=\"2a6adcc\" data-element_type=\"section\" data-e-type=\"section\">\n\t\t\t\t\t\t<div class=\"elementor-container elementor-column-gap-default\">\n\t\t\t\t\t<div class=\"elementor-column elementor-col-100 elementor-top-column elementor-element elementor-element-de7ecde\" data-id=\"de7ecde\" data-element_type=\"column\" data-e-type=\"column\">\n\t\t\t<div class=\"elementor-widget-wrap elementor-element-populated\">\n\t\t\t\t\t\t<div class=\"elementor-element elementor-element-00c4254 elementor-widget elementor-widget-heading\" data-id=\"00c4254\" data-element_type=\"widget\" data-e-type=\"widget\" data-widget_type=\"heading.default\">\n\t\t\t\t<div class=\"elementor-widget-container\">\n\t\t\t\t\t<h2 class=\"elementor-heading-title elementor-size-default\">Probl\u00e9matiques associ\u00e9es<\/h2>\t\t\t\t<\/div>\n\t\t\t\t<\/div>\n\t\t\t\t<div class=\"elementor-element elementor-element-178a9dd elementor-icon-list--layout-traditional elementor-list-item-link-full_width elementor-widget elementor-widget-icon-list\" data-id=\"178a9dd\" data-element_type=\"widget\" data-e-type=\"widget\" data-widget_type=\"icon-list.default\">\n\t\t\t\t<div class=\"elementor-widget-container\">\n\t\t\t\t\t\t\t<ul class=\"elementor-icon-list-items\">\n\t\t\t\t\t\t\t<li class=\"elementor-icon-list-item\">\n\t\t\t\t\t\t\t\t\t\t\t<span class=\"elementor-icon-list-icon\">\n\t\t\t\t\t\t\t<i aria-hidden=\"true\" class=\"fas fa-water\"><\/i>\t\t\t\t\t\t<\/span>\n\t\t\t\t\t\t\t\t\t\t<span class=\"elementor-icon-list-text\">\u00c9rosion des berges<\/span>\n\t\t\t\t\t\t\t\t\t<\/li>\n\t\t\t\t\t\t\t\t<li class=\"elementor-icon-list-item\">\n\t\t\t\t\t\t\t\t\t\t\t<span class=\"elementor-icon-list-icon\">\n\t\t\t\t\t\t\t<i aria-hidden=\"true\" class=\"fas fa-fish\"><\/i>\t\t\t\t\t\t<\/span>\n\t\t\t\t\t\t\t\t\t\t<span class=\"elementor-icon-list-text\">Qualit\u00e9 de l'eau<\/span>\n\t\t\t\t\t\t\t\t\t<\/li>\n\t\t\t\t\t\t\t\t<li class=\"elementor-icon-list-item\">\n\t\t\t\t\t\t\t\t\t\t\t<span class=\"elementor-icon-list-icon\">\n\t\t\t\t\t\t\t<i aria-hidden=\"true\" class=\"fas fa-frog\"><\/i>\t\t\t\t\t\t<\/span>\n\t\t\t\t\t\t\t\t\t\t<span class=\"elementor-icon-list-text\"> Perte de biodiversit\u00e9<\/span>\n\t\t\t\t\t\t\t\t\t<\/li>\n\t\t\t\t\t\t\t\t<li class=\"elementor-icon-list-item\">\n\t\t\t\t\t\t\t\t\t\t\t<span class=\"elementor-icon-list-icon\">\n\t\t\t\t\t\t\t<i aria-hidden=\"true\" class=\"fas fa-book-reader\"><\/i>\t\t\t\t\t\t<\/span>\n\t\t\t\t\t\t\t\t\t\t<span class=\"elementor-icon-list-text\"> Transfert de connaissance<\/span>\n\t\t\t\t\t\t\t\t\t<\/li>\n\t\t\t\t\t\t<\/ul>\n\t\t\t\t\t\t<\/div>\n\t\t\t\t<\/div>\n\t\t\t\t<div class=\"elementor-element elementor-element-f19ad8d elementor-widget elementor-widget-toggle\" data-id=\"f19ad8d\" data-element_type=\"widget\" data-e-type=\"widget\" data-widget_type=\"toggle.default\">\n\t\t\t\t<div class=\"elementor-widget-container\">\n\t\t\t\t\t\t\t<div class=\"elementor-toggle\">\n\t\t\t\t\t\t\t<div class=\"elementor-toggle-item\">\n\t\t\t\t\t<div id=\"elementor-tab-title-2531\" class=\"elementor-tab-title\" data-tab=\"1\" role=\"button\" aria-controls=\"elementor-tab-content-2531\" aria-expanded=\"false\">\n\t\t\t\t\t\t\t\t\t\t\t\t<span class=\"elementor-toggle-icon elementor-toggle-icon-left\" aria-hidden=\"true\">\n\t\t\t\t\t\t\t\t\t\t\t\t\t\t\t<span class=\"elementor-toggle-icon-closed\"><i class=\"fas fa-chevron-down\"><\/i><\/span>\n\t\t\t\t\t\t\t\t<span class=\"elementor-toggle-icon-opened\"><i class=\"elementor-toggle-icon-opened fas fa-chevron-up\"><\/i><\/span>\n\t\t\t\t\t\t\t\t\t\t\t\t\t<\/span>\n\t\t\t\t\t\t\t\t\t\t\t\t<a class=\"elementor-toggle-title\" tabindex=\"0\">Lien avec le Plan d'action<\/a>\n\t\t\t\t\t<\/div>\n\n\t\t\t\t\t<div id=\"elementor-tab-content-2531\" class=\"elementor-tab-content elementor-clearfix\" data-tab=\"1\" role=\"region\" aria-labelledby=\"elementor-tab-title-2531\"><p>Le Plan d\u2019action est \u00e9labor\u00e9 par le Conseil de bassin de la rivi\u00e8re du Cap Rouge (<a href=\"http:\/\/cbrcr.org\/wp-content\/uploads\/2021\/10\/CBRCR-Plan-daction-2021.pdf\">CBRCR \u2013 Plan d\u2019action 2021<\/a>).<\/p><p><strong>Orientation strat\u00e9gique<\/strong> : Concerter et mobiliser les acteurs de l\u2019eau.<\/p><p style=\"padding-left: 40px;\">Objectif 4 : Promouvoir de saines pratiques de protection de l\u2019eau aupr\u00e8s des principaux acteurs de l\u2019eau.<\/p><p style=\"padding-left: 80px;\">Actions 4.1 \u2013 Informer et mobiliser les producteurs agricoles pour l\u2019application de saines pratiques \u00e0 l\u2019\u00e9gard des cours d\u2019eau sur leur(s) propri\u00e9t\u00e9(s).<\/p><\/div>\n\t\t\t\t<\/div>\n\t\t\t\t\t\t\t<div class=\"elementor-toggle-item\">\n\t\t\t\t\t<div id=\"elementor-tab-title-2532\" class=\"elementor-tab-title\" data-tab=\"2\" role=\"button\" aria-controls=\"elementor-tab-content-2532\" aria-expanded=\"false\">\n\t\t\t\t\t\t\t\t\t\t\t\t<span class=\"elementor-toggle-icon elementor-toggle-icon-left\" aria-hidden=\"true\">\n\t\t\t\t\t\t\t\t\t\t\t\t\t\t\t<span class=\"elementor-toggle-icon-closed\"><i class=\"fas fa-chevron-down\"><\/i><\/span>\n\t\t\t\t\t\t\t\t<span class=\"elementor-toggle-icon-opened\"><i class=\"elementor-toggle-icon-opened fas fa-chevron-up\"><\/i><\/span>\n\t\t\t\t\t\t\t\t\t\t\t\t\t<\/span>\n\t\t\t\t\t\t\t\t\t\t\t\t<a class=\"elementor-toggle-title\" tabindex=\"0\">Lien avec le Plan directeur de l'eau<\/a>\n\t\t\t\t\t<\/div>\n\n\t\t\t\t\t<div id=\"elementor-tab-content-2532\" class=\"elementor-tab-content elementor-clearfix\" data-tab=\"2\" role=\"region\" aria-labelledby=\"elementor-tab-title-2532\"><p>Le plan directeur de l\u2019eau est \u00e9labor\u00e9 par l\u2019Organisme des bassins versant de la Capitale (<a href=\"http:\/\/www.obvcapitale.org\/plans-directeurs-de-leau-2\/2e-generation\/plan-daction\" target=\"_blank\" rel=\"noopener\">OBVC<\/a>).<\/p><p><strong>Orientation 1A :<\/strong> R\u00e9duire la concentration en coliformes f\u00e9caux dans les cours d\u2019eau et lacs probl\u00e9matiques du territoire.<\/p><p style=\"padding-left: 40px;\">Action 1Aj- mettre en place des pratiques culturales respectueuses de l\u2019environnement l\u00e0 ou le besoin s\u2019en fait sentir et r\u00e9fl\u00e9chir sur les modes de production agricole \u00e0 privil\u00e9gier dans une optique de protection des cours d\u2019eau et des nappes phr\u00e9atiques.<\/p><p style=\"padding-left: 80px;\">R\u00e9alisations\u00a0: Informer et mobiliser les producteurs agricoles du bassin de la rivi\u00e8re du Cap Rouge pour l\u2019application de saines pratiques \u00e0 l\u2019\u00e9gard des cours d\u2019eau sur leur(s) propri\u00e9t\u00e9(s), et, le cas \u00e9ch\u00e9ant, les accompagner pour la r\u00e9alisation de travaux correcteurs.<\/p><\/div>\n\t\t\t\t<\/div>\n\t\t\t\t\t\t\t\t<\/div>\n\t\t\t\t\t\t<\/div>\n\t\t\t\t<\/div>\n\t\t\t\t\t<\/div>\n\t\t<\/div>\n\t\t\t\t\t<\/div>\n\t\t<\/section>\n\t\t\t\t<section class=\"elementor-section elementor-top-section elementor-element elementor-element-025812d elementor-section-boxed elementor-section-height-default elementor-section-height-default\" data-id=\"025812d\" data-element_type=\"section\" data-e-type=\"section\">\n\t\t\t\t\t\t<div class=\"elementor-container elementor-column-gap-default\">\n\t\t\t\t\t<div class=\"elementor-column elementor-col-100 elementor-top-column elementor-element elementor-element-12252f3\" data-id=\"12252f3\" data-element_type=\"column\" data-e-type=\"column\">\n\t\t\t<div class=\"elementor-widget-wrap elementor-element-populated\">\n\t\t\t\t\t\t<div class=\"elementor-element elementor-element-6ce0ba2 elementor-widget elementor-widget-heading\" data-id=\"6ce0ba2\" data-element_type=\"widget\" data-e-type=\"widget\" data-widget_type=\"heading.default\">\n\t\t\t\t<div class=\"elementor-widget-container\">\n\t\t\t\t\t<h2 class=\"elementor-heading-title elementor-size-default\">Partenaires<\/h2>\t\t\t\t<\/div>\n\t\t\t\t<\/div>\n\t\t\t\t<div class=\"elementor-element elementor-element-d4b7ac7 elementor-widget elementor-widget-text-editor\" data-id=\"d4b7ac7\" data-element_type=\"widget\" data-e-type=\"widget\" data-widget_type=\"text-editor.default\">\n\t\t\t\t<div class=\"elementor-widget-container\">\n\t\t\t\t\t\t\t\t\t<p>Ce projet est financ\u00e9 par le minist\u00e8re de l\u2019Agriculture, des P\u00eacheries et de l\u2019Alimentation dans le cadre du programme Prime-Vert et se r\u00e9alisera en partenariat avec le Club agroenvironnemental de la Rive-Nord (CARN).<\/p>\t\t\t\t\t\t\t\t<\/div>\n\t\t\t\t<\/div>\n\t\t\t\t\t<\/div>\n\t\t<\/div>\n\t\t\t\t\t<\/div>\n\t\t<\/section>\n\t\t\t\t<section class=\"elementor-section elementor-top-section elementor-element elementor-element-c6d363d elementor-section-boxed elementor-section-height-default elementor-section-height-default\" data-id=\"c6d363d\" data-element_type=\"section\" data-e-type=\"section\">\n\t\t\t\t\t\t<div class=\"elementor-container elementor-column-gap-default\">\n\t\t\t\t\t<div class=\"elementor-column elementor-col-20 elementor-top-column elementor-element elementor-element-5ded7d2\" data-id=\"5ded7d2\" data-element_type=\"column\" data-e-type=\"column\">\n\t\t\t<div class=\"elementor-widget-wrap\">\n\t\t\t\t\t\t\t<\/div>\n\t\t<\/div>\n\t\t\t\t<div class=\"elementor-column elementor-col-20 elementor-top-column elementor-element elementor-element-5fc9b98\" data-id=\"5fc9b98\" data-element_type=\"column\" data-e-type=\"column\">\n\t\t\t<div class=\"elementor-widget-wrap elementor-element-populated\">\n\t\t\t\t\t\t<div class=\"elementor-element elementor-element-9536d35 elementor-widget elementor-widget-image\" data-id=\"9536d35\" data-element_type=\"widget\" data-e-type=\"widget\" data-widget_type=\"image.default\">\n\t\t\t\t<div class=\"elementor-widget-container\">\n\t\t\t\t\t\t\t\t\t\t\t\t\t\t\t<img loading=\"lazy\" decoding=\"async\" width=\"500\" height=\"500\" src=\"http:\/\/cbrcr.org\/wp-content\/uploads\/2022\/01\/1-1.jpg\" class=\"attachment-full size-full wp-image-5172\" alt=\"\" srcset=\"http:\/\/cbrcr.org\/wp-content\/uploads\/2022\/01\/1-1.jpg 500w, http:\/\/cbrcr.org\/wp-content\/uploads\/2022\/01\/1-1-300x300.jpg 300w, http:\/\/cbrcr.org\/wp-content\/uploads\/2022\/01\/1-1-150x150.jpg 150w, http:\/\/cbrcr.org\/wp-content\/uploads\/2022\/01\/1-1-100x100.jpg 100w, http:\/\/cbrcr.org\/wp-content\/uploads\/2022\/01\/1-1-350x350.jpg 350w\" sizes=\"(max-width: 767px) 89vw, (max-width: 1000px) 54vw, (max-width: 1071px) 543px, 580px\" \/>\t\t\t\t\t\t\t\t\t\t\t\t\t\t\t<\/div>\n\t\t\t\t<\/div>\n\t\t\t\t\t<\/div>\n\t\t<\/div>\n\t\t\t\t<div class=\"elementor-column elementor-col-20 elementor-top-column elementor-element elementor-element-88d19f1\" data-id=\"88d19f1\" data-element_type=\"column\" data-e-type=\"column\">\n\t\t\t<div class=\"elementor-widget-wrap\">\n\t\t\t\t\t\t\t<\/div>\n\t\t<\/div>\n\t\t\t\t<div class=\"elementor-column elementor-col-20 elementor-top-column elementor-element elementor-element-b5497d8\" data-id=\"b5497d8\" data-element_type=\"column\" data-e-type=\"column\">\n\t\t\t<div class=\"elementor-widget-wrap elementor-element-populated\">\n\t\t\t\t\t\t<div class=\"elementor-element elementor-element-7dc8e88 elementor-widget elementor-widget-image\" data-id=\"7dc8e88\" data-element_type=\"widget\" data-e-type=\"widget\" data-widget_type=\"image.default\">\n\t\t\t\t<div class=\"elementor-widget-container\">\n\t\t\t\t\t\t\t\t\t\t\t\t\t\t\t<img loading=\"lazy\" decoding=\"async\" width=\"500\" height=\"500\" src=\"http:\/\/cbrcr.org\/wp-content\/uploads\/2022\/01\/2-1.jpg\" class=\"attachment-full size-full wp-image-5171\" alt=\"\" srcset=\"http:\/\/cbrcr.org\/wp-content\/uploads\/2022\/01\/2-1.jpg 500w, http:\/\/cbrcr.org\/wp-content\/uploads\/2022\/01\/2-1-300x300.jpg 300w, http:\/\/cbrcr.org\/wp-content\/uploads\/2022\/01\/2-1-150x150.jpg 150w, http:\/\/cbrcr.org\/wp-content\/uploads\/2022\/01\/2-1-100x100.jpg 100w, http:\/\/cbrcr.org\/wp-content\/uploads\/2022\/01\/2-1-350x350.jpg 350w\" sizes=\"(max-width: 767px) 89vw, (max-width: 1000px) 54vw, (max-width: 1071px) 543px, 580px\" \/>\t\t\t\t\t\t\t\t\t\t\t\t\t\t\t<\/div>\n\t\t\t\t<\/div>\n\t\t\t\t\t<\/div>\n\t\t<\/div>\n\t\t\t\t<div class=\"elementor-column elementor-col-20 elementor-top-column elementor-element elementor-element-5edac34\" data-id=\"5edac34\" data-element_type=\"column\" data-e-type=\"column\">\n\t\t\t<div class=\"elementor-widget-wrap\">\n\t\t\t\t\t\t\t<\/div>\n\t\t<\/div>\n\t\t\t\t\t<\/div>\n\t\t<\/section>\n\t\t\t\t<section class=\"elementor-section elementor-top-section elementor-element elementor-element-af2600a elementor-section-boxed elementor-section-height-default elementor-section-height-default\" data-id=\"af2600a\" data-element_type=\"section\" data-e-type=\"section\">\n\t\t\t\t\t\t<div class=\"elementor-container elementor-column-gap-default\">\n\t\t\t\t\t<div class=\"elementor-column elementor-col-100 elementor-top-column elementor-element elementor-element-dbdb4c0\" data-id=\"dbdb4c0\" data-element_type=\"column\" data-e-type=\"column\">\n\t\t\t<div class=\"elementor-widget-wrap elementor-element-populated\">\n\t\t\t\t\t\t<div class=\"elementor-element elementor-element-bd14a3a elementor-widget elementor-widget-heading\" data-id=\"bd14a3a\" data-element_type=\"widget\" data-e-type=\"widget\" data-widget_type=\"heading.default\">\n\t\t\t\t<div class=\"elementor-widget-container\">\n\t\t\t\t\t<h2 class=\"elementor-heading-title elementor-size-default\">Publications associ\u00e9es<\/h2>\t\t\t\t<\/div>\n\t\t\t\t<\/div>\n\t\t\t\t<div class=\"elementor-element elementor-element-4dbc9d3 elementor-widget elementor-widget-text-editor\" data-id=\"4dbc9d3\" data-element_type=\"widget\" data-e-type=\"widget\" data-widget_type=\"text-editor.default\">\n\t\t\t\t<div class=\"elementor-widget-container\">\n\t\t\t\t\t\t\t\t\t<p>Projets en cours de 2021 \u00e0 2022.<\/p>\t\t\t\t\t\t\t\t<\/div>\n\t\t\t\t<\/div>\n\t\t\t\t\t<\/div>\n\t\t<\/div>\n\t\t\t\t\t<\/div>\n\t\t<\/section>\n\t\t\t\t<\/div>\n\t\t","protected":false},"excerpt":{"rendered":"<p>Objectifs Sensibiliser les agriculteurs \u00e0 la perte de biodiversit\u00e9 dans le milieu agricole et riverain. Proposer des solutions pratiques afin d\u2019am\u00e9liorer la diversit\u00e9 biologique ainsi que la qualit\u00e9 des habitats fauniques et des plans d\u2019eau sur le territoire du bassin versant de la rivi\u00e8re du Cap Rouge. R\u00e9sum\u00e9 du projet Ce projet a \u00e9t\u00e9 financ\u00e9 &hellip; <\/p>\n<p class=\"link-more\"><a href=\"http:\/\/cbrcr.org\/index.php\/2022\/01\/18\/mobilisation-et-sensibilisation-en-milieu-agricole-pour-lamenagement-de-berges-et-de-corridors-fauniques-dans-le-bassin-versant-de-la-riviere-du-cap-rouge\/\" class=\"more-link\">Continuer la lecture<span class=\"screen-reader-text\"> de &laquo; Mobilisation et sensibilisation en milieu agricole pour l\u2019am\u00e9nagement de berges et de corridors fauniques dans le bassin versant de la rivi\u00e8re du Cap Rouge &raquo;<\/span><\/a><\/p>\n","protected":false},"author":1,"featured_media":5103,"comment_status":"closed","ping_status":"open","sticky":false,"template":"","format":"standard","meta":{"inline_featured_image":false,"footnotes":""},"categories":[42],"tags":[],"class_list":["post-3779","post","type-post","status-publish","format-standard","has-post-thumbnail","hentry","category-projets-termines"],"publishpress_future_action":{"enabled":false,"date":"2026-05-04 11:17:28","action":"change-status","newStatus":"draft","terms":[],"taxonomy":"category","extraData":[]},"publishpress_future_workflow_manual_trigger":{"enabledWorkflows":[]},"_links":{"self":[{"href":"http:\/\/cbrcr.org\/index.php\/wp-json\/wp\/v2\/posts\/3779","targetHints":{"allow":["GET"]}}],"collection":[{"href":"http:\/\/cbrcr.org\/index.php\/wp-json\/wp\/v2\/posts"}],"about":[{"href":"http:\/\/cbrcr.org\/index.php\/wp-json\/wp\/v2\/types\/post"}],"author":[{"embeddable":true,"href":"http:\/\/cbrcr.org\/index.php\/wp-json\/wp\/v2\/users\/1"}],"replies":[{"embeddable":true,"href":"http:\/\/cbrcr.org\/index.php\/wp-json\/wp\/v2\/comments?post=3779"}],"version-history":[{"count":25,"href":"http:\/\/cbrcr.org\/index.php\/wp-json\/wp\/v2\/posts\/3779\/revisions"}],"predecessor-version":[{"id":5222,"href":"http:\/\/cbrcr.org\/index.php\/wp-json\/wp\/v2\/posts\/3779\/revisions\/5222"}],"wp:featuredmedia":[{"embeddable":true,"href":"http:\/\/cbrcr.org\/index.php\/wp-json\/wp\/v2\/media\/5103"}],"wp:attachment":[{"href":"http:\/\/cbrcr.org\/index.php\/wp-json\/wp\/v2\/media?parent=3779"}],"wp:term":[{"taxonomy":"category","embeddable":true,"href":"http:\/\/cbrcr.org\/index.php\/wp-json\/wp\/v2\/categories?post=3779"},{"taxonomy":"post_tag","embeddable":true,"href":"http:\/\/cbrcr.org\/index.php\/wp-json\/wp\/v2\/tags?post=3779"}],"curies":[{"name":"wp","href":"https:\/\/api.w.org\/{rel}","templated":true}]}}