{"id":2820,"date":"2020-01-01T07:00:03","date_gmt":"2020-01-01T12:00:03","guid":{"rendered":"http:\/\/cbrcr.org\/?p=2820"},"modified":"2021-12-21T10:32:51","modified_gmt":"2021-12-21T15:32:51","slug":"2019-a-2020-sensibilisation-des-producteurs-et-lutte-integree-a-lagrile-du-frene-dans-le-bassin-versant-de-la-riviere-cap-rouge","status":"publish","type":"post","link":"https:\/\/cbrcr.org\/index.php\/2020\/01\/01\/2019-a-2020-sensibilisation-des-producteurs-et-lutte-integree-a-lagrile-du-frene-dans-le-bassin-versant-de-la-riviere-cap-rouge\/","title":{"rendered":"2019 \u00e0 2020 &#8211; Sensibilisation des producteurs et lutte int\u00e9gr\u00e9e \u00e0 l\u2019agrile du fr\u00eane dans le bassin versant de la rivi\u00e8re Cap-rouge"},"content":{"rendered":"\t\t<div data-elementor-type=\"wp-post\" data-elementor-id=\"2820\" class=\"elementor elementor-2820\" data-elementor-post-type=\"post\">\n\t\t\t\t\t\t<section class=\"elementor-section elementor-top-section elementor-element elementor-element-112cdd5 elementor-section-boxed elementor-section-height-default elementor-section-height-default\" data-id=\"112cdd5\" data-element_type=\"section\" data-e-type=\"section\">\n\t\t\t\t\t\t<div class=\"elementor-container elementor-column-gap-default\">\n\t\t\t\t\t<div class=\"elementor-column elementor-col-100 elementor-top-column elementor-element elementor-element-f7aa2b6\" data-id=\"f7aa2b6\" data-element_type=\"column\" data-e-type=\"column\">\n\t\t\t<div class=\"elementor-widget-wrap elementor-element-populated\">\n\t\t\t\t\t\t<div class=\"elementor-element elementor-element-86c602c elementor-widget elementor-widget-heading\" data-id=\"86c602c\" data-element_type=\"widget\" data-e-type=\"widget\" data-widget_type=\"heading.default\">\n\t\t\t\t<div class=\"elementor-widget-container\">\n\t\t\t\t\t<h2 class=\"elementor-heading-title elementor-size-default\">Objectifs<\/h2>\t\t\t\t<\/div>\n\t\t\t\t<\/div>\n\t\t\t\t<div class=\"elementor-element elementor-element-6471830 elementor-widget elementor-widget-text-editor\" data-id=\"6471830\" data-element_type=\"widget\" data-e-type=\"widget\" data-widget_type=\"text-editor.default\">\n\t\t\t\t<div class=\"elementor-widget-container\">\n\t\t\t\t\t\t\t\t\t<ul><li style=\"list-style-type: none;\"><ul><li>Localiser les secteurs ayant une forte concentration de fr\u00eanes, qui sont donc consid\u00e9r\u00e9s \u00e0 risque, particuli\u00e8rement dans les bandes riveraines, comme celles de la rivi\u00e8re du Cap Rouge et dans les haies brise-vents ;<\/li><li>Sensibiliser et outiller les producteurs agricoles situ\u00e9s dans les zones \u00e0 forte concentration de fr\u00eane aux dommages caus\u00e9s par l\u2019agrile du fr\u00eane et \u00e0 l\u2019importance de faire un suivi des arbres ;<\/li><li>Proposer des strat\u00e9gies aux producteurs agricoles ayant subi la perte de fr\u00eane sur leur propri\u00e9t\u00e9 afin de limiter les effets n\u00e9gatifs engendr\u00e9s ;<\/li><li>R\u00e9aliser le d\u00e9pistage de l\u2019agrile du fr\u00eane dans plusieurs secteurs de la Capitale-Nationale.<\/li><\/ul><\/li><\/ul>\t\t\t\t\t\t\t\t<\/div>\n\t\t\t\t<\/div>\n\t\t\t\t\t<\/div>\n\t\t<\/div>\n\t\t\t\t\t<\/div>\n\t\t<\/section>\n\t\t\t\t<section class=\"elementor-section elementor-top-section elementor-element elementor-element-9a6f601 elementor-section-boxed elementor-section-height-default elementor-section-height-default\" data-id=\"9a6f601\" data-element_type=\"section\" data-e-type=\"section\">\n\t\t\t\t\t\t<div class=\"elementor-container elementor-column-gap-default\">\n\t\t\t\t\t<div class=\"elementor-column elementor-col-50 elementor-top-column elementor-element elementor-element-fda1040\" data-id=\"fda1040\" data-element_type=\"column\" data-e-type=\"column\">\n\t\t\t<div class=\"elementor-widget-wrap elementor-element-populated\">\n\t\t\t\t\t\t<div class=\"elementor-element elementor-element-fc1d857 elementor-widget elementor-widget-image-gallery\" data-id=\"fc1d857\" data-element_type=\"widget\" data-e-type=\"widget\" data-widget_type=\"image-gallery.default\">\n\t\t\t\t<div class=\"elementor-widget-container\">\n\t\t\t\t\t\t\t<div class=\"elementor-image-gallery\">\n\t\t\t<div id='gallery-4' class='gallery galleryid-2820 gallery-columns-2 gallery-size-htmega_size_396x360'><figure class='gallery-item'>\n\t\t\t<div class='gallery-icon landscape'>\n\t\t\t\t<a data-elementor-open-lightbox=\"yes\" data-elementor-lightbox-slideshow=\"fc1d857\" data-elementor-lightbox-title=\"Agrilus planipennis \/ Emerald Ash Borer\" data-e-action-hash=\"#elementor-action%3Aaction%3Dlightbox%26settings%3DeyJpZCI6MjY0MSwidXJsIjoiaHR0cHM6XC9cL2NicmNyLm9yZ1wvd3AtY29udGVudFwvdXBsb2Fkc1wvMjAyMVwvMDZcL0Fkb2JlU3RvY2tfMTYyOTY3OTI2LmpwZWciLCJzbGlkZXNob3ciOiJmYzFkODU3In0%3D\" href='https:\/\/cbrcr.org\/wp-content\/uploads\/2021\/06\/AdobeStock_162967926.jpeg'><img fetchpriority=\"high\" decoding=\"async\" width=\"396\" height=\"360\" src=\"https:\/\/cbrcr.org\/wp-content\/uploads\/2021\/06\/AdobeStock_162967926-396x360.jpeg\" class=\"attachment-htmega_size_396x360 size-htmega_size_396x360\" alt=\"\" sizes=\"(max-width: 767px) 89vw, (max-width: 1000px) 54vw, (max-width: 1071px) 543px, 580px\" \/><\/a>\n\t\t\t<\/div><\/figure><figure class='gallery-item'>\n\t\t\t<div class='gallery-icon portrait'>\n\t\t\t\t<a data-elementor-open-lightbox=\"yes\" data-elementor-lightbox-slideshow=\"fc1d857\" data-elementor-lightbox-title=\"Pi\u00e8ge agrile-2019\" data-e-action-hash=\"#elementor-action%3Aaction%3Dlightbox%26settings%3DeyJpZCI6MjgyNCwidXJsIjoiaHR0cHM6XC9cL2NicmNyLm9yZ1wvd3AtY29udGVudFwvdXBsb2Fkc1wvMjAyMVwvMDdcL1BpXHUwMGU4Z2UtYWdyaWxlLTIwMTkucG5nIiwic2xpZGVzaG93IjoiZmMxZDg1NyJ9\" href='https:\/\/cbrcr.org\/wp-content\/uploads\/2021\/07\/Pi\u00e8ge-agrile-2019.png'><img decoding=\"async\" width=\"396\" height=\"360\" src=\"https:\/\/cbrcr.org\/wp-content\/uploads\/2021\/07\/Pi\u00e8ge-agrile-2019-396x360.png\" class=\"attachment-htmega_size_396x360 size-htmega_size_396x360\" alt=\"\" sizes=\"(max-width: 767px) 89vw, (max-width: 1000px) 54vw, (max-width: 1071px) 543px, 580px\" \/><\/a>\n\t\t\t<\/div><\/figure><figure class='gallery-item'>\n\t\t\t<div class='gallery-icon landscape'>\n\t\t\t\t<a data-elementor-open-lightbox=\"yes\" data-elementor-lightbox-slideshow=\"fc1d857\" data-elementor-lightbox-title=\"Rencontres d&#039;information agrile du fr\u00eane\" data-e-action-hash=\"#elementor-action%3Aaction%3Dlightbox%26settings%3DeyJpZCI6MzMzNiwidXJsIjoiaHR0cHM6XC9cL2NicmNyLm9yZ1wvd3AtY29udGVudFwvdXBsb2Fkc1wvMjAyMVwvMDdcL1JlbmNvbnRyZXMtZGluZm9ybWF0aW9uLWFncmlsZS1kdS1mclx1MDBlYW5lLmpwZyIsInNsaWRlc2hvdyI6ImZjMWQ4NTcifQ%3D%3D\" href='https:\/\/cbrcr.org\/wp-content\/uploads\/2021\/07\/Rencontres-dinformation-agrile-du-fr\u00eane.jpg'><img decoding=\"async\" width=\"396\" height=\"360\" src=\"https:\/\/cbrcr.org\/wp-content\/uploads\/2021\/07\/Rencontres-dinformation-agrile-du-fr\u00eane-396x360.jpg\" class=\"attachment-htmega_size_396x360 size-htmega_size_396x360\" alt=\"\" sizes=\"(max-width: 767px) 89vw, (max-width: 1000px) 54vw, (max-width: 1071px) 543px, 580px\" \/><\/a>\n\t\t\t<\/div><\/figure><figure class='gallery-item'>\n\t\t\t<div class='gallery-icon landscape'>\n\t\t\t\t<a data-elementor-open-lightbox=\"yes\" data-elementor-lightbox-slideshow=\"fc1d857\" data-elementor-lightbox-title=\"Icone actualit\u00e9 - agrile\" data-e-action-hash=\"#elementor-action%3Aaction%3Dlightbox%26settings%3DeyJpZCI6MTkxNSwidXJsIjoiaHR0cHM6XC9cL2NicmNyLm9yZ1wvd3AtY29udGVudFwvdXBsb2Fkc1wvMjAyMFwvMDlcL0ljb25lLWFjdHVhbGl0XHUwMGU5LWFncmlsZS5wbmciLCJzbGlkZXNob3ciOiJmYzFkODU3In0%3D\" href='https:\/\/cbrcr.org\/wp-content\/uploads\/2020\/09\/Icone-actualit\u00e9-agrile.png'><img loading=\"lazy\" decoding=\"async\" width=\"300\" height=\"300\" src=\"https:\/\/cbrcr.org\/wp-content\/uploads\/2020\/09\/Icone-actualit\u00e9-agrile.png\" class=\"attachment-htmega_size_396x360 size-htmega_size_396x360\" alt=\"\" srcset=\"https:\/\/cbrcr.org\/wp-content\/uploads\/2020\/09\/Icone-actualit\u00e9-agrile.png 300w, https:\/\/cbrcr.org\/wp-content\/uploads\/2020\/09\/Icone-actualit\u00e9-agrile-150x150.png 150w, https:\/\/cbrcr.org\/wp-content\/uploads\/2020\/09\/Icone-actualit\u00e9-agrile-100x100.png 100w\" sizes=\"(max-width: 767px) 89vw, (max-width: 1000px) 54vw, (max-width: 1071px) 543px, 580px\" \/><\/a>\n\t\t\t<\/div><\/figure>\n\t\t<\/div>\n\t\t<\/div>\n\t\t\t\t\t\t<\/div>\n\t\t\t\t<\/div>\n\t\t\t\t\t<\/div>\n\t\t<\/div>\n\t\t\t\t<div class=\"elementor-column elementor-col-50 elementor-top-column elementor-element elementor-element-95a9c5e\" data-id=\"95a9c5e\" data-element_type=\"column\" data-e-type=\"column\">\n\t\t\t<div class=\"elementor-widget-wrap elementor-element-populated\">\n\t\t\t\t\t\t<div class=\"elementor-element elementor-element-446e386 elementor-widget elementor-widget-heading\" data-id=\"446e386\" data-element_type=\"widget\" data-e-type=\"widget\" data-widget_type=\"heading.default\">\n\t\t\t\t<div class=\"elementor-widget-container\">\n\t\t\t\t\t<h2 class=\"elementor-heading-title elementor-size-default\">R\u00e9sum\u00e9 du projet<\/h2>\t\t\t\t<\/div>\n\t\t\t\t<\/div>\n\t\t\t\t<div class=\"elementor-element elementor-element-faca567 elementor-widget elementor-widget-text-editor\" data-id=\"faca567\" data-element_type=\"widget\" data-e-type=\"widget\" data-widget_type=\"text-editor.default\">\n\t\t\t\t<div class=\"elementor-widget-container\">\n\t\t\t\t\t\t\t\t\t<p>L\u2019agrile du fr\u00eane est un insecte ravageur qui s\u2019attaque particuli\u00e8rement \u00e0 tous les esp\u00e8ces de genre <em>fraxinus<\/em>, dont le fr\u00eane blanc (fr\u00eane d\u2019Am\u00e9rique), esp\u00e8ce commun\u00e9ment retrouv\u00e9e au Qu\u00e9bec. Comme la r\u00e9gion de la Ville de Qu\u00e9bec d\u00e9nombre une grande quantit\u00e9 de fr\u00eane sur son territoire, l\u2019insecte est une r\u00e9elle menace pour le couvert forestier de la r\u00e9gion, autant pour les secteurs en p\u00e9riph\u00e9ries comme les milieux agricoles, que pour les secteurs urbains.<\/p><p>Une douzaine d\u2019activit\u00e9s de sensibilisation ont \u00e9t\u00e9 offertes aux intervenants dans le milieu agricole de toutes les MRC de la Capitale-Nationale. Des accompagnements et des sorties terrains personnalis\u00e9s ont aussi eu lieu dans des cas o\u00f9 les producteurs avaient une forte concentration de fr\u00eane sur leur propri\u00e9t\u00e9.<\/p><p>Des activit\u00e9s de d\u00e9pistages ont eu lieu durant deux saisons, telles que l\u2019installation de pi\u00e8ge destin\u00e9s \u00e0 capturer des agriles adultes afin d\u2019en tenir un inventaire ainsi qu\u2019un suivi rigoureux de la sant\u00e9 des fr\u00eanes situ\u00e9s dans des zones \u00e0 risque. Pendant la premi\u00e8re ann\u00e9e du projet, en 2019, 10 pi\u00e8ges ont \u00e9t\u00e9 install\u00e9s dans la MRC de Portneuf et 3 \u00e0 Qu\u00e9bec. L\u2019ann\u00e9e suivante, c\u2019est 14 pi\u00e8ges qui ont \u00e9t\u00e9 pos\u00e9s sur l\u2019\u00eele d\u2019Orl\u00e9ans, r\u00e9parties un peu partout sur l\u2019\u00eele. Aucun agrile n\u2019a \u00e9t\u00e9 d\u00e9tect\u00e9 durant ces deux ann\u00e9es d\u2019observations, cependant, un suivi et la vigilance reste de mise.<\/p>\t\t\t\t\t\t\t\t<\/div>\n\t\t\t\t<\/div>\n\t\t\t\t\t<\/div>\n\t\t<\/div>\n\t\t\t\t\t<\/div>\n\t\t<\/section>\n\t\t\t\t<section class=\"elementor-section elementor-top-section elementor-element elementor-element-c3ed22f elementor-section-boxed elementor-section-height-default elementor-section-height-default\" data-id=\"c3ed22f\" data-element_type=\"section\" data-e-type=\"section\">\n\t\t\t\t\t\t<div class=\"elementor-container elementor-column-gap-default\">\n\t\t\t\t\t<div class=\"elementor-column elementor-col-100 elementor-top-column elementor-element elementor-element-b67f700\" data-id=\"b67f700\" data-element_type=\"column\" data-e-type=\"column\">\n\t\t\t<div class=\"elementor-widget-wrap elementor-element-populated\">\n\t\t\t\t\t\t<div class=\"elementor-element elementor-element-00c4254 elementor-widget elementor-widget-heading\" data-id=\"00c4254\" data-element_type=\"widget\" data-e-type=\"widget\" data-widget_type=\"heading.default\">\n\t\t\t\t<div class=\"elementor-widget-container\">\n\t\t\t\t\t<h2 class=\"elementor-heading-title elementor-size-default\">Probl\u00e9matiques associ\u00e9es<\/h2>\t\t\t\t<\/div>\n\t\t\t\t<\/div>\n\t\t\t\t<div class=\"elementor-element elementor-element-178a9dd elementor-icon-list--layout-traditional elementor-list-item-link-full_width elementor-widget elementor-widget-icon-list\" data-id=\"178a9dd\" data-element_type=\"widget\" data-e-type=\"widget\" data-widget_type=\"icon-list.default\">\n\t\t\t\t<div class=\"elementor-widget-container\">\n\t\t\t\t\t\t\t<ul class=\"elementor-icon-list-items\">\n\t\t\t\t\t\t\t<li class=\"elementor-icon-list-item\">\n\t\t\t\t\t\t\t\t\t\t\t<span class=\"elementor-icon-list-icon\">\n\t\t\t\t\t\t\t<i aria-hidden=\"true\" class=\"fas fa-bug\"><\/i>\t\t\t\t\t\t<\/span>\n\t\t\t\t\t\t\t\t\t\t<span class=\"elementor-icon-list-text\">Prolif\u00e9ration des esp\u00e8ces exotiques envahissantes<\/span>\n\t\t\t\t\t\t\t\t\t<\/li>\n\t\t\t\t\t\t\t\t<li class=\"elementor-icon-list-item\">\n\t\t\t\t\t\t\t\t\t\t\t<span class=\"elementor-icon-list-icon\">\n\t\t\t\t\t\t\t<i aria-hidden=\"true\" class=\"fas fa-frog\"><\/i>\t\t\t\t\t\t<\/span>\n\t\t\t\t\t\t\t\t\t\t<span class=\"elementor-icon-list-text\">Perte de biodiversit\u00e9<\/span>\n\t\t\t\t\t\t\t\t\t<\/li>\n\t\t\t\t\t\t\t\t<li class=\"elementor-icon-list-item\">\n\t\t\t\t\t\t\t\t\t\t\t<span class=\"elementor-icon-list-icon\">\n\t\t\t\t\t\t\t<i aria-hidden=\"true\" class=\"fas fa-wind\"><\/i>\t\t\t\t\t\t<\/span>\n\t\t\t\t\t\t\t\t\t\t<span class=\"elementor-icon-list-text\">\u00c9rosion des berges et\/ou perte d\u2019efficacit\u00e9 des haies brise-vent<\/span>\n\t\t\t\t\t\t\t\t\t<\/li>\n\t\t\t\t\t\t<\/ul>\n\t\t\t\t\t\t<\/div>\n\t\t\t\t<\/div>\n\t\t\t\t<div class=\"elementor-element elementor-element-8c1c022 elementor-widget elementor-widget-toggle\" data-id=\"8c1c022\" data-element_type=\"widget\" data-e-type=\"widget\" data-widget_type=\"toggle.default\">\n\t\t\t\t<div class=\"elementor-widget-container\">\n\t\t\t\t\t\t\t<div class=\"elementor-toggle\">\n\t\t\t\t\t\t\t<div class=\"elementor-toggle-item\">\n\t\t\t\t\t<div id=\"elementor-tab-title-1461\" class=\"elementor-tab-title\" data-tab=\"1\" role=\"button\" aria-controls=\"elementor-tab-content-1461\" aria-expanded=\"false\">\n\t\t\t\t\t\t\t\t\t\t\t\t<span class=\"elementor-toggle-icon elementor-toggle-icon-left\" aria-hidden=\"true\">\n\t\t\t\t\t\t\t\t\t\t\t\t\t\t\t<span class=\"elementor-toggle-icon-closed\"><i class=\"fas fa-caret-right\"><\/i><\/span>\n\t\t\t\t\t\t\t\t<span class=\"elementor-toggle-icon-opened\"><i class=\"elementor-toggle-icon-opened fas fa-caret-up\"><\/i><\/span>\n\t\t\t\t\t\t\t\t\t\t\t\t\t<\/span>\n\t\t\t\t\t\t\t\t\t\t\t\t<a class=\"elementor-toggle-title\" tabindex=\"0\">Lien avec le Plan d'action<\/a>\n\t\t\t\t\t<\/div>\n\n\t\t\t\t\t<div id=\"elementor-tab-content-1461\" class=\"elementor-tab-content elementor-clearfix\" data-tab=\"1\" role=\"region\" aria-labelledby=\"elementor-tab-title-1461\"><p>Le Plan d&rsquo;action est \u00e9labor\u00e9 par le Conseil de bassin de la rivi\u00e8re du Cap Rouge (<a href=\"http:\/\/cbrcr.org\/wp-content\/uploads\/2021\/07\/CBRCR-Plan-daction-2020.pdf\">CBRCR &#8211; Plan d&rsquo;action 2020<\/a>).<\/p><p><strong>Orientation strat\u00e9gique<\/strong> : Concerter et mobiliser les acteurs de l&rsquo;eau.<\/p><p style=\"padding-left: 40px;\">Objectif 4 : Promouvoir de saines pratiques de protection de l&rsquo;eau aupr\u00e8s des principaux acteurs de l&rsquo;eau.<\/p><p style=\"padding-left: 80px;\">Action 4.3 &#8211; Informer et mobiliser les producteurs agricoles pour l&rsquo;application de saines pratiques \u00e0 l&rsquo;\u00e9gard des cours d&rsquo;eau sur leur(s) propri\u00e9t\u00e9(s). <em>Sensibilisation des producteurs sur l&rsquo;agrile du fr\u00eane.<\/em><\/p><\/div>\n\t\t\t\t<\/div>\n\t\t\t\t\t\t\t<div class=\"elementor-toggle-item\">\n\t\t\t\t\t<div id=\"elementor-tab-title-1462\" class=\"elementor-tab-title\" data-tab=\"2\" role=\"button\" aria-controls=\"elementor-tab-content-1462\" aria-expanded=\"false\">\n\t\t\t\t\t\t\t\t\t\t\t\t<span class=\"elementor-toggle-icon elementor-toggle-icon-left\" aria-hidden=\"true\">\n\t\t\t\t\t\t\t\t\t\t\t\t\t\t\t<span class=\"elementor-toggle-icon-closed\"><i class=\"fas fa-caret-right\"><\/i><\/span>\n\t\t\t\t\t\t\t\t<span class=\"elementor-toggle-icon-opened\"><i class=\"elementor-toggle-icon-opened fas fa-caret-up\"><\/i><\/span>\n\t\t\t\t\t\t\t\t\t\t\t\t\t<\/span>\n\t\t\t\t\t\t\t\t\t\t\t\t<a class=\"elementor-toggle-title\" tabindex=\"0\">Lien avec le Plan directeur de l'eau<\/a>\n\t\t\t\t\t<\/div>\n\n\t\t\t\t\t<div id=\"elementor-tab-content-1462\" class=\"elementor-tab-content elementor-clearfix\" data-tab=\"2\" role=\"region\" aria-labelledby=\"elementor-tab-title-1462\"><p>Le Plan directeur de l\u2019eau est \u00e9labor\u00e9 par l\u2019Organisme des bassins versants de la Capitale (<a href=\"https:\/\/www.obvcapitale.org\/plan-directeur-eau\/plan-daction\/\" target=\"_blank\" rel=\"noopener\">OBVC<\/a>).<\/p><p><strong>Orientation 1A<\/strong> : R\u00e9duire la concentration en coliformes f\u00e9caux dans les cours d&rsquo;eau et lacs probl\u00e9matiques du territoire.<\/p><p style=\"padding-left: 40px;\">Action 1Aj &#8211; Mettre en place des pratiques culturales respectueuses de l\u2019environnement l\u00e0 o\u00f9 le besoin s\u2019en fait sentir et r\u00e9fl\u00e9chir sur les modes de production agricole \u00e0 privil\u00e9gier dans une optique de protection des cours d\u2019eau et des nappes phr\u00e9atiques.<\/p><p style=\"padding-left: 80px;\">Informer et mobiliser les producteurs agricoles du bassin versant de la rivi\u00e8re du Cap Rouge pour l&rsquo;application de saines pratiques \u00e0 l&rsquo;\u00e9gard des cours d&rsquo;eau sur leur(s) propri\u00e9t\u00e9(s), et, le cas \u00e9ch\u00e9ant, les accompagner pour la r\u00e9alisation de travaux correcteurs.<\/p><\/div>\n\t\t\t\t<\/div>\n\t\t\t\t\t\t\t\t<\/div>\n\t\t\t\t\t\t<\/div>\n\t\t\t\t<\/div>\n\t\t\t\t\t<\/div>\n\t\t<\/div>\n\t\t\t\t\t<\/div>\n\t\t<\/section>\n\t\t\t\t<section class=\"elementor-section elementor-top-section elementor-element elementor-element-a8a4251 elementor-section-boxed elementor-section-height-default elementor-section-height-default\" data-id=\"a8a4251\" data-element_type=\"section\" data-e-type=\"section\">\n\t\t\t\t\t\t<div class=\"elementor-container elementor-column-gap-default\">\n\t\t\t\t\t<div class=\"elementor-column elementor-col-100 elementor-top-column elementor-element elementor-element-76d302c\" data-id=\"76d302c\" data-element_type=\"column\" data-e-type=\"column\">\n\t\t\t<div class=\"elementor-widget-wrap elementor-element-populated\">\n\t\t\t\t\t\t<div class=\"elementor-element elementor-element-6ce0ba2 elementor-widget elementor-widget-heading\" data-id=\"6ce0ba2\" data-element_type=\"widget\" data-e-type=\"widget\" data-widget_type=\"heading.default\">\n\t\t\t\t<div class=\"elementor-widget-container\">\n\t\t\t\t\t<h2 class=\"elementor-heading-title elementor-size-default\">Partenaires<\/h2>\t\t\t\t<\/div>\n\t\t\t\t<\/div>\n\t\t\t\t<div class=\"elementor-element elementor-element-d4b7ac7 elementor-widget elementor-widget-text-editor\" data-id=\"d4b7ac7\" data-element_type=\"widget\" data-e-type=\"widget\" data-widget_type=\"text-editor.default\">\n\t\t\t\t<div class=\"elementor-widget-container\">\n\t\t\t\t\t\t\t\t\t<p>Ce projet a \u00e9t\u00e9 r\u00e9alis\u00e9 en partenariat avec le CERFO (Centre d\u2019enseignement et de recherche en foresterie de Sainte-Foy Inc.), le Programme Prime-vert du MAPAQ, le Conseil qu\u00e9b\u00e9cois des esp\u00e8ces exotiques envahissantes (CQEEE), Communaut\u00e9 M\u00e9tropolitaine de Qu\u00e9bec (CMQ), la Ville de Qu\u00e9bec.<\/p><p>Le partage de l\u2019information n\u2019aurait pu \u00eatre possible sans la collaboration de plusieurs acteurs du milieu agricole, notamment l\u2019Union des Producteurs agricoles de la r\u00e9gion de la Capitale-Nationale (UPA), les MRC de Portneuf, de la C\u00f4te-de-Beaupr\u00e9 et de l\u2019\u00eele d\u2019Orl\u00e9ans, ainsi que plusieurs organismes de bassin versant : la CAPSA, les OBV de Charlevoix-Montmorency et de la Capitale.<\/p>\t\t\t\t\t\t\t\t<\/div>\n\t\t\t\t<\/div>\n\t\t\t\t\t<\/div>\n\t\t<\/div>\n\t\t\t\t\t<\/div>\n\t\t<\/section>\n\t\t\t\t<section class=\"elementor-section elementor-top-section elementor-element elementor-element-87baa08 elementor-section-boxed elementor-section-height-default elementor-section-height-default\" data-id=\"87baa08\" data-element_type=\"section\" data-e-type=\"section\">\n\t\t\t\t\t\t<div class=\"elementor-container elementor-column-gap-default\">\n\t\t\t\t\t<div class=\"elementor-column elementor-col-20 elementor-top-column elementor-element elementor-element-dfbf7e9\" data-id=\"dfbf7e9\" data-element_type=\"column\" data-e-type=\"column\">\n\t\t\t<div class=\"elementor-widget-wrap elementor-element-populated\">\n\t\t\t\t\t\t<div class=\"elementor-element elementor-element-facadb6 elementor-widget elementor-widget-image\" data-id=\"facadb6\" data-element_type=\"widget\" data-e-type=\"widget\" data-widget_type=\"image.default\">\n\t\t\t\t<div class=\"elementor-widget-container\">\n\t\t\t\t\t\t\t\t\t\t\t\t\t\t\t<img loading=\"lazy\" decoding=\"async\" width=\"150\" height=\"150\" src=\"https:\/\/cbrcr.org\/wp-content\/uploads\/2021\/07\/Logo-MAPAQ-150x150.png\" class=\"attachment-thumbnail size-thumbnail wp-image-2893\" alt=\"\" srcset=\"https:\/\/cbrcr.org\/wp-content\/uploads\/2021\/07\/Logo-MAPAQ-150x150.png 150w, https:\/\/cbrcr.org\/wp-content\/uploads\/2021\/07\/Logo-MAPAQ-300x300.png 300w, https:\/\/cbrcr.org\/wp-content\/uploads\/2021\/07\/Logo-MAPAQ-100x100.png 100w, https:\/\/cbrcr.org\/wp-content\/uploads\/2021\/07\/Logo-MAPAQ-350x350.png 350w, https:\/\/cbrcr.org\/wp-content\/uploads\/2021\/07\/Logo-MAPAQ.png 500w\" sizes=\"(max-width: 767px) 89vw, (max-width: 1000px) 54vw, (max-width: 1071px) 543px, 580px\" \/>\t\t\t\t\t\t\t\t\t\t\t\t\t\t\t<\/div>\n\t\t\t\t<\/div>\n\t\t\t\t\t<\/div>\n\t\t<\/div>\n\t\t\t\t<div class=\"elementor-column elementor-col-20 elementor-top-column elementor-element elementor-element-af09d5e\" data-id=\"af09d5e\" data-element_type=\"column\" data-e-type=\"column\">\n\t\t\t<div class=\"elementor-widget-wrap elementor-element-populated\">\n\t\t\t\t\t\t<div class=\"elementor-element elementor-element-22d20b9 elementor-widget elementor-widget-image\" data-id=\"22d20b9\" data-element_type=\"widget\" data-e-type=\"widget\" data-widget_type=\"image.default\">\n\t\t\t\t<div class=\"elementor-widget-container\">\n\t\t\t\t\t\t\t\t\t\t\t\t\t\t\t<img loading=\"lazy\" decoding=\"async\" width=\"150\" height=\"150\" src=\"https:\/\/cbrcr.org\/wp-content\/uploads\/2021\/07\/Logo-CMQ-150x150.png\" class=\"attachment-thumbnail size-thumbnail wp-image-2891\" alt=\"\" srcset=\"https:\/\/cbrcr.org\/wp-content\/uploads\/2021\/07\/Logo-CMQ-150x150.png 150w, https:\/\/cbrcr.org\/wp-content\/uploads\/2021\/07\/Logo-CMQ-300x300.png 300w, https:\/\/cbrcr.org\/wp-content\/uploads\/2021\/07\/Logo-CMQ-100x100.png 100w, https:\/\/cbrcr.org\/wp-content\/uploads\/2021\/07\/Logo-CMQ-350x350.png 350w, https:\/\/cbrcr.org\/wp-content\/uploads\/2021\/07\/Logo-CMQ.png 500w\" sizes=\"(max-width: 767px) 89vw, (max-width: 1000px) 54vw, (max-width: 1071px) 543px, 580px\" \/>\t\t\t\t\t\t\t\t\t\t\t\t\t\t\t<\/div>\n\t\t\t\t<\/div>\n\t\t\t\t\t<\/div>\n\t\t<\/div>\n\t\t\t\t<div class=\"elementor-column elementor-col-20 elementor-top-column elementor-element elementor-element-6cf1583\" data-id=\"6cf1583\" data-element_type=\"column\" data-e-type=\"column\">\n\t\t\t<div class=\"elementor-widget-wrap elementor-element-populated\">\n\t\t\t\t\t\t<div class=\"elementor-element elementor-element-9fe42a3 elementor-widget elementor-widget-image\" data-id=\"9fe42a3\" data-element_type=\"widget\" data-e-type=\"widget\" data-widget_type=\"image.default\">\n\t\t\t\t<div class=\"elementor-widget-container\">\n\t\t\t\t\t\t\t\t\t\t\t\t\t\t\t<img loading=\"lazy\" decoding=\"async\" width=\"150\" height=\"150\" src=\"https:\/\/cbrcr.org\/wp-content\/uploads\/2021\/04\/Logo-VdQ-150x150.png\" class=\"attachment-thumbnail size-thumbnail wp-image-2066\" alt=\"\" srcset=\"https:\/\/cbrcr.org\/wp-content\/uploads\/2021\/04\/Logo-VdQ-150x150.png 150w, https:\/\/cbrcr.org\/wp-content\/uploads\/2021\/04\/Logo-VdQ-300x300.png 300w, https:\/\/cbrcr.org\/wp-content\/uploads\/2021\/04\/Logo-VdQ-100x100.png 100w, https:\/\/cbrcr.org\/wp-content\/uploads\/2021\/04\/Logo-VdQ-350x350.png 350w, https:\/\/cbrcr.org\/wp-content\/uploads\/2021\/04\/Logo-VdQ.png 500w\" sizes=\"(max-width: 767px) 89vw, (max-width: 1000px) 54vw, (max-width: 1071px) 543px, 580px\" \/>\t\t\t\t\t\t\t\t\t\t\t\t\t\t\t<\/div>\n\t\t\t\t<\/div>\n\t\t\t\t\t<\/div>\n\t\t<\/div>\n\t\t\t\t<div class=\"elementor-column elementor-col-20 elementor-top-column elementor-element elementor-element-1ecf67b\" data-id=\"1ecf67b\" data-element_type=\"column\" data-e-type=\"column\">\n\t\t\t<div class=\"elementor-widget-wrap elementor-element-populated\">\n\t\t\t\t\t\t<div class=\"elementor-element elementor-element-7a0c13d elementor-widget elementor-widget-image\" data-id=\"7a0c13d\" data-element_type=\"widget\" data-e-type=\"widget\" data-widget_type=\"image.default\">\n\t\t\t\t<div class=\"elementor-widget-container\">\n\t\t\t\t\t\t\t\t\t\t\t\t\t\t\t<img loading=\"lazy\" decoding=\"async\" width=\"150\" height=\"150\" src=\"https:\/\/cbrcr.org\/wp-content\/uploads\/2021\/07\/Copie-de-Logo-CERFO-150x150.png\" class=\"attachment-thumbnail size-thumbnail wp-image-2890\" alt=\"\" srcset=\"https:\/\/cbrcr.org\/wp-content\/uploads\/2021\/07\/Copie-de-Logo-CERFO-150x150.png 150w, https:\/\/cbrcr.org\/wp-content\/uploads\/2021\/07\/Copie-de-Logo-CERFO-300x300.png 300w, https:\/\/cbrcr.org\/wp-content\/uploads\/2021\/07\/Copie-de-Logo-CERFO-100x100.png 100w, https:\/\/cbrcr.org\/wp-content\/uploads\/2021\/07\/Copie-de-Logo-CERFO-350x350.png 350w, https:\/\/cbrcr.org\/wp-content\/uploads\/2021\/07\/Copie-de-Logo-CERFO.png 500w\" sizes=\"(max-width: 767px) 89vw, (max-width: 1000px) 54vw, (max-width: 1071px) 543px, 580px\" \/>\t\t\t\t\t\t\t\t\t\t\t\t\t\t\t<\/div>\n\t\t\t\t<\/div>\n\t\t\t\t\t<\/div>\n\t\t<\/div>\n\t\t\t\t<div class=\"elementor-column elementor-col-20 elementor-top-column elementor-element elementor-element-51e24c4\" data-id=\"51e24c4\" data-element_type=\"column\" data-e-type=\"column\">\n\t\t\t<div class=\"elementor-widget-wrap elementor-element-populated\">\n\t\t\t\t\t\t<div class=\"elementor-element elementor-element-99e3c2c elementor-widget elementor-widget-image\" data-id=\"99e3c2c\" data-element_type=\"widget\" data-e-type=\"widget\" data-widget_type=\"image.default\">\n\t\t\t\t<div class=\"elementor-widget-container\">\n\t\t\t\t\t\t\t\t\t\t\t\t\t\t\t<img loading=\"lazy\" decoding=\"async\" width=\"150\" height=\"150\" src=\"https:\/\/cbrcr.org\/wp-content\/uploads\/2021\/07\/Logo-CQEEE-150x150.png\" class=\"attachment-thumbnail size-thumbnail wp-image-2892\" alt=\"\" srcset=\"https:\/\/cbrcr.org\/wp-content\/uploads\/2021\/07\/Logo-CQEEE-150x150.png 150w, https:\/\/cbrcr.org\/wp-content\/uploads\/2021\/07\/Logo-CQEEE-300x300.png 300w, https:\/\/cbrcr.org\/wp-content\/uploads\/2021\/07\/Logo-CQEEE-100x100.png 100w, https:\/\/cbrcr.org\/wp-content\/uploads\/2021\/07\/Logo-CQEEE-350x350.png 350w, https:\/\/cbrcr.org\/wp-content\/uploads\/2021\/07\/Logo-CQEEE.png 500w\" sizes=\"(max-width: 767px) 89vw, (max-width: 1000px) 54vw, (max-width: 1071px) 543px, 580px\" \/>\t\t\t\t\t\t\t\t\t\t\t\t\t\t\t<\/div>\n\t\t\t\t<\/div>\n\t\t\t\t\t<\/div>\n\t\t<\/div>\n\t\t\t\t\t<\/div>\n\t\t<\/section>\n\t\t\t\t<section class=\"elementor-section elementor-top-section elementor-element elementor-element-af2600a elementor-section-boxed elementor-section-height-default elementor-section-height-default\" data-id=\"af2600a\" data-element_type=\"section\" data-e-type=\"section\">\n\t\t\t\t\t\t<div class=\"elementor-container elementor-column-gap-default\">\n\t\t\t\t\t<div class=\"elementor-column elementor-col-100 elementor-top-column elementor-element elementor-element-dbdb4c0\" data-id=\"dbdb4c0\" data-element_type=\"column\" data-e-type=\"column\">\n\t\t\t<div class=\"elementor-widget-wrap elementor-element-populated\">\n\t\t\t\t\t\t<div class=\"elementor-element elementor-element-bd14a3a elementor-widget elementor-widget-heading\" data-id=\"bd14a3a\" data-element_type=\"widget\" data-e-type=\"widget\" data-widget_type=\"heading.default\">\n\t\t\t\t<div class=\"elementor-widget-container\">\n\t\t\t\t\t<h2 class=\"elementor-heading-title elementor-size-default\">Publications associ\u00e9es<\/h2>\t\t\t\t<\/div>\n\t\t\t\t<\/div>\n\t\t\t\t<div class=\"elementor-element elementor-element-4dbc9d3 elementor-widget elementor-widget-text-editor\" data-id=\"4dbc9d3\" data-element_type=\"widget\" data-e-type=\"widget\" data-widget_type=\"text-editor.default\">\n\t\t\t\t<div class=\"elementor-widget-container\">\n\t\t\t\t\t\t\t\t\t<p><a href=\"http:\/\/cbrcr.org\/wp-content\/uploads\/2021\/07\/Rapport_2019_Sensibilisation-agricole-agrile-du-fr\u00eane.pdf\" target=\"_blank\" rel=\"noopener\">Rapport d\u2019\u00e9tape 2019 \u00e0 2020 &#8211; Sensibilisation des producteurs et lutte int\u00e9gr\u00e9e \u00e0 l\u2019agrile du fr\u00eane dans le bassin versant de la rivi\u00e8re Cap-rouge et dans d\u2019autres secteurs jug\u00e9s critiques de la r\u00e9gion de la Capitale-nationale.<\/a><\/p>\t\t\t\t\t\t\t\t<\/div>\n\t\t\t\t<\/div>\n\t\t\t\t\t<\/div>\n\t\t<\/div>\n\t\t\t\t\t<\/div>\n\t\t<\/section>\n\t\t\t\t<\/div>\n\t\t","protected":false},"excerpt":{"rendered":"<p>Objectifs Localiser les secteurs ayant une forte concentration de fr\u00eanes, qui sont donc consid\u00e9r\u00e9s \u00e0 risque, particuli\u00e8rement dans les bandes riveraines, comme celles de la rivi\u00e8re du Cap Rouge et dans les haies brise-vents ; Sensibiliser et outiller les producteurs agricoles situ\u00e9s dans les zones \u00e0 forte concentration de fr\u00eane aux dommages caus\u00e9s par l\u2019agrile &hellip; <\/p>\n<p class=\"link-more\"><a href=\"https:\/\/cbrcr.org\/index.php\/2020\/01\/01\/2019-a-2020-sensibilisation-des-producteurs-et-lutte-integree-a-lagrile-du-frene-dans-le-bassin-versant-de-la-riviere-cap-rouge\/\" class=\"more-link\">Continuer la lecture<span class=\"screen-reader-text\"> de &laquo; 2019 \u00e0 2020 &#8211; Sensibilisation des producteurs et lutte int\u00e9gr\u00e9e \u00e0 l\u2019agrile du fr\u00eane dans le bassin versant de la rivi\u00e8re Cap-rouge &raquo;<\/span><\/a><\/p>\n","protected":false},"author":1,"featured_media":0,"comment_status":"closed","ping_status":"open","sticky":false,"template":"","format":"standard","meta":{"inline_featured_image":false,"footnotes":""},"categories":[42],"tags":[],"class_list":["post-2820","post","type-post","status-publish","format-standard","hentry","category-projets-termines"],"publishpress_future_action":{"enabled":false,"date":"2026-05-07 05:01:42","action":"change-status","newStatus":"draft","terms":[],"taxonomy":"category","extraData":[]},"publishpress_future_workflow_manual_trigger":{"enabledWorkflows":[]},"_links":{"self":[{"href":"https:\/\/cbrcr.org\/index.php\/wp-json\/wp\/v2\/posts\/2820","targetHints":{"allow":["GET"]}}],"collection":[{"href":"https:\/\/cbrcr.org\/index.php\/wp-json\/wp\/v2\/posts"}],"about":[{"href":"https:\/\/cbrcr.org\/index.php\/wp-json\/wp\/v2\/types\/post"}],"author":[{"embeddable":true,"href":"https:\/\/cbrcr.org\/index.php\/wp-json\/wp\/v2\/users\/1"}],"replies":[{"embeddable":true,"href":"https:\/\/cbrcr.org\/index.php\/wp-json\/wp\/v2\/comments?post=2820"}],"version-history":[{"count":43,"href":"https:\/\/cbrcr.org\/index.php\/wp-json\/wp\/v2\/posts\/2820\/revisions"}],"predecessor-version":[{"id":4400,"href":"https:\/\/cbrcr.org\/index.php\/wp-json\/wp\/v2\/posts\/2820\/revisions\/4400"}],"wp:attachment":[{"href":"https:\/\/cbrcr.org\/index.php\/wp-json\/wp\/v2\/media?parent=2820"}],"wp:term":[{"taxonomy":"category","embeddable":true,"href":"https:\/\/cbrcr.org\/index.php\/wp-json\/wp\/v2\/categories?post=2820"},{"taxonomy":"post_tag","embeddable":true,"href":"https:\/\/cbrcr.org\/index.php\/wp-json\/wp\/v2\/tags?post=2820"}],"curies":[{"name":"wp","href":"https:\/\/api.w.org\/{rel}","templated":true}]}}