{"id":3618,"date":"2012-11-16T09:37:31","date_gmt":"2012-11-16T14:37:31","guid":{"rendered":"http:\/\/cbrcr.org\/?p=3618"},"modified":"2021-12-21T10:37:15","modified_gmt":"2021-12-21T15:37:15","slug":"2012-a-2014-projet-damenagement-des-berges-et-des-corridors-fauniques-dans-le-sous-bassin-amont-de-la-riviere-du-cap-rouge","status":"publish","type":"post","link":"https:\/\/cbrcr.org\/index.php\/2012\/11\/16\/2012-a-2014-projet-damenagement-des-berges-et-des-corridors-fauniques-dans-le-sous-bassin-amont-de-la-riviere-du-cap-rouge\/","title":{"rendered":"2012 \u00e0 2014 &#8211; Projet d\u2019am\u00e9nagement des berges et des corridors fauniques dans le sous-bassin amont de la rivi\u00e8re du Cap-Rouge"},"content":{"rendered":"\t\t<div data-elementor-type=\"wp-post\" data-elementor-id=\"3618\" class=\"elementor elementor-3618\" data-elementor-post-type=\"post\">\n\t\t\t\t\t\t<section class=\"elementor-section elementor-top-section elementor-element elementor-element-112cdd5 elementor-section-boxed elementor-section-height-default elementor-section-height-default\" data-id=\"112cdd5\" data-element_type=\"section\" data-e-type=\"section\">\n\t\t\t\t\t\t<div class=\"elementor-container elementor-column-gap-default\">\n\t\t\t\t\t<div class=\"elementor-column elementor-col-100 elementor-top-column elementor-element elementor-element-f7aa2b6\" data-id=\"f7aa2b6\" data-element_type=\"column\" data-e-type=\"column\">\n\t\t\t<div class=\"elementor-widget-wrap elementor-element-populated\">\n\t\t\t\t\t\t<div class=\"elementor-element elementor-element-86c602c elementor-widget elementor-widget-heading\" data-id=\"86c602c\" data-element_type=\"widget\" data-e-type=\"widget\" data-widget_type=\"heading.default\">\n\t\t\t\t<div class=\"elementor-widget-container\">\n\t\t\t\t\t<h2 class=\"elementor-heading-title elementor-size-default\">Objectifs<\/h2>\t\t\t\t<\/div>\n\t\t\t\t<\/div>\n\t\t\t\t<div class=\"elementor-element elementor-element-6471830 elementor-widget elementor-widget-text-editor\" data-id=\"6471830\" data-element_type=\"widget\" data-e-type=\"widget\" data-widget_type=\"text-editor.default\">\n\t\t\t\t<div class=\"elementor-widget-container\">\n\t\t\t\t\t\t\t\t\t<ul><li style=\"list-style-type: none;\"><ul><li>Caract\u00e9riser et identifier les probl\u00e9matiques dans le sous-bassin versant du ruisseau d\u2019Eau Claire dans le secteur agricole ;<\/li><li>Proposer des am\u00e9nagements agroenvironnementaux aux producteurs agricoles, afin de r\u00e9soudre les probl\u00e9matiques observ\u00e9es.<\/li><\/ul><\/li><\/ul>\t\t\t\t\t\t\t\t<\/div>\n\t\t\t\t<\/div>\n\t\t\t\t\t<\/div>\n\t\t<\/div>\n\t\t\t\t\t<\/div>\n\t\t<\/section>\n\t\t\t\t<section class=\"elementor-section elementor-top-section elementor-element elementor-element-9a6f601 elementor-section-boxed elementor-section-height-default elementor-section-height-default\" data-id=\"9a6f601\" data-element_type=\"section\" data-e-type=\"section\">\n\t\t\t\t\t\t<div class=\"elementor-container elementor-column-gap-default\">\n\t\t\t\t\t<div class=\"elementor-column elementor-col-50 elementor-top-column elementor-element elementor-element-fda1040\" data-id=\"fda1040\" data-element_type=\"column\" data-e-type=\"column\">\n\t\t\t<div class=\"elementor-widget-wrap elementor-element-populated\">\n\t\t\t\t\t\t<div class=\"elementor-element elementor-element-e1cabb2 elementor-widget elementor-widget-image-gallery\" data-id=\"e1cabb2\" data-element_type=\"widget\" data-e-type=\"widget\" data-widget_type=\"image-gallery.default\">\n\t\t\t\t<div class=\"elementor-widget-container\">\n\t\t\t\t\t\t\t<div class=\"elementor-image-gallery\">\n\t\t\t<div id='gallery-3' class='gallery galleryid-3618 gallery-columns-2 gallery-size-htmega_size_396x360'><figure class='gallery-item'>\n\t\t\t<div class='gallery-icon landscape'>\n\t\t\t\t<a data-elementor-open-lightbox=\"yes\" data-elementor-lightbox-slideshow=\"e1cabb2\" data-elementor-lightbox-title=\"D\u00e9limitation des sous-bassins versants \u00a9CBRCR\" data-e-action-hash=\"#elementor-action%3Aaction%3Dlightbox%26settings%3DeyJpZCI6MzYyMywidXJsIjoiaHR0cHM6XC9cL2NicmNyLm9yZ1wvd3AtY29udGVudFwvdXBsb2Fkc1wvMjAyMVwvMTFcL3NzQlYtQ2FwLVJvdWdlLmpwZyIsInNsaWRlc2hvdyI6ImUxY2FiYjIifQ%3D%3D\" href='https:\/\/cbrcr.org\/wp-content\/uploads\/2021\/11\/ssBV-Cap-Rouge.jpg'><img fetchpriority=\"high\" decoding=\"async\" width=\"396\" height=\"360\" src=\"https:\/\/cbrcr.org\/wp-content\/uploads\/2021\/11\/ssBV-Cap-Rouge-396x360.jpg\" class=\"attachment-htmega_size_396x360 size-htmega_size_396x360\" alt=\"\" sizes=\"(max-width: 767px) 89vw, (max-width: 1000px) 54vw, (max-width: 1071px) 543px, 580px\" \/><\/a>\n\t\t\t<\/div><\/figure><figure class='gallery-item'>\n\t\t\t<div class='gallery-icon landscape'>\n\t\t\t\t<a data-elementor-open-lightbox=\"yes\" data-elementor-lightbox-slideshow=\"e1cabb2\" data-elementor-lightbox-title=\"Travaux_g\u00e9nie v\u00e9g\u00e9tal\" data-e-action-hash=\"#elementor-action%3Aaction%3Dlightbox%26settings%3DeyJpZCI6MzYyNiwidXJsIjoiaHR0cHM6XC9cL2NicmNyLm9yZ1wvd3AtY29udGVudFwvdXBsb2Fkc1wvMjAyMVwvMTFcL1RyYXZhdXhfZ1x1MDBlOW5pZS12XHUwMGU5Z1x1MDBlOXRhbC0xLmpwZyIsInNsaWRlc2hvdyI6ImUxY2FiYjIifQ%3D%3D\" href='https:\/\/cbrcr.org\/wp-content\/uploads\/2021\/11\/Travaux_g\u00e9nie-v\u00e9g\u00e9tal-1.jpg'><img decoding=\"async\" width=\"396\" height=\"348\" src=\"https:\/\/cbrcr.org\/wp-content\/uploads\/2021\/11\/Travaux_g\u00e9nie-v\u00e9g\u00e9tal-1-396x348.jpg\" class=\"attachment-htmega_size_396x360 size-htmega_size_396x360\" alt=\"\" sizes=\"(max-width: 767px) 89vw, (max-width: 1000px) 54vw, (max-width: 1071px) 543px, 580px\" \/><\/a>\n\t\t\t<\/div><\/figure><figure class='gallery-item'>\n\t\t\t<div class='gallery-icon landscape'>\n\t\t\t\t<a data-elementor-open-lightbox=\"yes\" data-elementor-lightbox-slideshow=\"e1cabb2\" data-elementor-lightbox-title=\"Travaux_g\u00e9nie v\u00e9g\u00e9tal2\" data-e-action-hash=\"#elementor-action%3Aaction%3Dlightbox%26settings%3DeyJpZCI6MzYyNywidXJsIjoiaHR0cHM6XC9cL2NicmNyLm9yZ1wvd3AtY29udGVudFwvdXBsb2Fkc1wvMjAyMVwvMTFcL1RyYXZhdXhfZ1x1MDBlOW5pZS12XHUwMGU5Z1x1MDBlOXRhbDItMS5qcGciLCJzbGlkZXNob3ciOiJlMWNhYmIyIn0%3D\" href='https:\/\/cbrcr.org\/wp-content\/uploads\/2021\/11\/Travaux_g\u00e9nie-v\u00e9g\u00e9tal2-1.jpg'><img decoding=\"async\" width=\"396\" height=\"360\" src=\"https:\/\/cbrcr.org\/wp-content\/uploads\/2021\/11\/Travaux_g\u00e9nie-v\u00e9g\u00e9tal2-1-396x360.jpg\" class=\"attachment-htmega_size_396x360 size-htmega_size_396x360\" alt=\"\" sizes=\"(max-width: 767px) 89vw, (max-width: 1000px) 54vw, (max-width: 1071px) 543px, 580px\" \/><\/a>\n\t\t\t<\/div><\/figure><figure class='gallery-item'>\n\t\t\t<div class='gallery-icon landscape'>\n\t\t\t\t<a data-elementor-open-lightbox=\"yes\" data-elementor-lightbox-slideshow=\"e1cabb2\" data-elementor-lightbox-title=\"IMG_0711\" data-e-action-hash=\"#elementor-action%3Aaction%3Dlightbox%26settings%3DeyJpZCI6MzYyMiwidXJsIjoiaHR0cHM6XC9cL2NicmNyLm9yZ1wvd3AtY29udGVudFwvdXBsb2Fkc1wvMjAyMVwvMTFcL0lNR18wNzExLmpwZyIsInNsaWRlc2hvdyI6ImUxY2FiYjIifQ%3D%3D\" href='https:\/\/cbrcr.org\/wp-content\/uploads\/2021\/11\/IMG_0711.jpg'><img loading=\"lazy\" decoding=\"async\" width=\"396\" height=\"360\" src=\"https:\/\/cbrcr.org\/wp-content\/uploads\/2021\/11\/IMG_0711-396x360.jpg\" class=\"attachment-htmega_size_396x360 size-htmega_size_396x360\" alt=\"\" sizes=\"(max-width: 767px) 89vw, (max-width: 1000px) 54vw, (max-width: 1071px) 543px, 580px\" \/><\/a>\n\t\t\t<\/div><\/figure>\n\t\t<\/div>\n\t\t<\/div>\n\t\t\t\t\t\t<\/div>\n\t\t\t\t<\/div>\n\t\t\t\t\t<\/div>\n\t\t<\/div>\n\t\t\t\t<div class=\"elementor-column elementor-col-50 elementor-top-column elementor-element elementor-element-95a9c5e\" data-id=\"95a9c5e\" data-element_type=\"column\" data-e-type=\"column\">\n\t\t\t<div class=\"elementor-widget-wrap elementor-element-populated\">\n\t\t\t\t\t\t<div class=\"elementor-element elementor-element-446e386 elementor-widget elementor-widget-heading\" data-id=\"446e386\" data-element_type=\"widget\" data-e-type=\"widget\" data-widget_type=\"heading.default\">\n\t\t\t\t<div class=\"elementor-widget-container\">\n\t\t\t\t\t<h2 class=\"elementor-heading-title elementor-size-default\">R\u00e9sum\u00e9 du projet<\/h2>\t\t\t\t<\/div>\n\t\t\t\t<\/div>\n\t\t\t\t<div class=\"elementor-element elementor-element-faca567 elementor-widget elementor-widget-text-editor\" data-id=\"faca567\" data-element_type=\"widget\" data-e-type=\"widget\" data-widget_type=\"text-editor.default\">\n\t\t\t\t<div class=\"elementor-widget-container\">\n\t\t\t\t\t\t\t\t\t<p>Le projet s\u2019est d\u00e9roul\u00e9 dans le sous-bassin-versant du ruisseau d\u2019Eau Claire (no. 18) qui se situe en t\u00eate de la rivi\u00e8re du Cap Rouge et qui couvre 25 % de la superficie totale du bassin versant. \u00c0 lui seul, il draine environ 19 km<sup>2 <\/sup>de territoire et il est autant forestier qu\u2019agricole.<\/p><p>D\u00e9but\u00e9 en 2012, la premi\u00e8re ann\u00e9e fut ax\u00e9e sur la caract\u00e9risation du territoire afin de cerner les probl\u00e9matiques s\u2019y trouvant. La caract\u00e9risation prend en compte tous les \u00e9l\u00e9ments sur le terrain pouvant influencer la qualit\u00e9 de la rivi\u00e8re et de ses berges. Ainsi, l\u2019\u00e9quipe terrain not\u00e9e\u00a0les informations suivantes\u00a0: l\u2019\u00e9rosion des berges, le type d\u2019exploitation du lot, la faune et la flore pr\u00e9sente et si observ\u00e9e les colonies de plantes exotiques envahissantes, etc. L\u2019hydromorphologie du cours d\u2019eau fut \u00e9galement caract\u00e9ris\u00e9e par la mesure de la largeur du cours d\u2019eau, la profondeur, le pourcentage de la pente du talus, la nature des strates v\u00e9g\u00e9tatives (arborescentes, arbustives, herbac\u00e9s), l\u2019hydrologie (d\u00e9bits, crues, vitesse) et d\u2019autres facteurs importants.<\/p><p>En 2013 et 2014, des am\u00e9nagements agroenvironnementaux ont \u00e9t\u00e9 propos\u00e9s aux propri\u00e9taires de terres, selon les probl\u00e9matiques pr\u00e9sentes et les recommandations soulev\u00e9es. Par exemple, une stabilisation de berges a \u00e9t\u00e9 possible par la combinaison d\u2019un travail avec une pelle m\u00e9canique et le rajout d\u2019un couvert v\u00e9g\u00e9tal (g\u00e9nie v\u00e9g\u00e9tal). Des haies brise-vent ont \u00e9galement \u00e9t\u00e9 implant\u00e9es pour prot\u00e9ger les cultures du vent, tout en cr\u00e9ant des rang\u00e9es d\u2019arbres et arbustes, b\u00e9n\u00e9fiques pour la faune.<\/p><p>Finalement, le projet a permis \u00e0 cinq volontaires d\u2019am\u00e9liorer la gestion de l\u2019\u00e9coulement des eaux pluviales et la biodiversit\u00e9 sur leur terrain par la mise en place d\u2019am\u00e9nagements agroenvironnementaux financ\u00e9s par le MAPAQ dans le cadre du programme Prime-Vert.<\/p>\t\t\t\t\t\t\t\t<\/div>\n\t\t\t\t<\/div>\n\t\t\t\t\t<\/div>\n\t\t<\/div>\n\t\t\t\t\t<\/div>\n\t\t<\/section>\n\t\t\t\t<section class=\"elementor-section elementor-top-section elementor-element elementor-element-2a6adcc elementor-section-boxed elementor-section-height-default elementor-section-height-default\" data-id=\"2a6adcc\" data-element_type=\"section\" data-e-type=\"section\">\n\t\t\t\t\t\t<div class=\"elementor-container elementor-column-gap-default\">\n\t\t\t\t\t<div class=\"elementor-column elementor-col-100 elementor-top-column elementor-element elementor-element-de7ecde\" data-id=\"de7ecde\" data-element_type=\"column\" data-e-type=\"column\">\n\t\t\t<div class=\"elementor-widget-wrap elementor-element-populated\">\n\t\t\t\t\t\t<div class=\"elementor-element elementor-element-00c4254 elementor-widget elementor-widget-heading\" data-id=\"00c4254\" data-element_type=\"widget\" data-e-type=\"widget\" data-widget_type=\"heading.default\">\n\t\t\t\t<div class=\"elementor-widget-container\">\n\t\t\t\t\t<h2 class=\"elementor-heading-title elementor-size-default\">Probl\u00e9matiques associ\u00e9es<\/h2>\t\t\t\t<\/div>\n\t\t\t\t<\/div>\n\t\t\t\t<div class=\"elementor-element elementor-element-178a9dd elementor-icon-list--layout-traditional elementor-list-item-link-full_width elementor-widget elementor-widget-icon-list\" data-id=\"178a9dd\" data-element_type=\"widget\" data-e-type=\"widget\" data-widget_type=\"icon-list.default\">\n\t\t\t\t<div class=\"elementor-widget-container\">\n\t\t\t\t\t\t\t<ul class=\"elementor-icon-list-items\">\n\t\t\t\t\t\t\t<li class=\"elementor-icon-list-item\">\n\t\t\t\t\t\t\t\t\t\t\t<span class=\"elementor-icon-list-icon\">\n\t\t\t\t\t\t\t<i aria-hidden=\"true\" class=\"fas fa-water\"><\/i>\t\t\t\t\t\t<\/span>\n\t\t\t\t\t\t\t\t\t\t<span class=\"elementor-icon-list-text\">\u00c9rosion des berges<\/span>\n\t\t\t\t\t\t\t\t\t<\/li>\n\t\t\t\t\t\t\t\t<li class=\"elementor-icon-list-item\">\n\t\t\t\t\t\t\t\t\t\t\t<span class=\"elementor-icon-list-icon\">\n\t\t\t\t\t\t\t<i aria-hidden=\"true\" class=\"fas fa-fish\"><\/i>\t\t\t\t\t\t<\/span>\n\t\t\t\t\t\t\t\t\t\t<span class=\"elementor-icon-list-text\">Qualit\u00e9 de l'eau<\/span>\n\t\t\t\t\t\t\t\t\t<\/li>\n\t\t\t\t\t\t\t\t<li class=\"elementor-icon-list-item\">\n\t\t\t\t\t\t\t\t\t\t\t<span class=\"elementor-icon-list-icon\">\n\t\t\t\t\t\t\t<i aria-hidden=\"true\" class=\"fas fa-frog\"><\/i>\t\t\t\t\t\t<\/span>\n\t\t\t\t\t\t\t\t\t\t<span class=\"elementor-icon-list-text\"> Perte de biodiversit\u00e9<\/span>\n\t\t\t\t\t\t\t\t\t<\/li>\n\t\t\t\t\t\t\t\t<li class=\"elementor-icon-list-item\">\n\t\t\t\t\t\t\t\t\t\t\t<span class=\"elementor-icon-list-icon\">\n\t\t\t\t\t\t\t<i aria-hidden=\"true\" class=\"fas fa-seedling\"><\/i>\t\t\t\t\t\t<\/span>\n\t\t\t\t\t\t\t\t\t\t<span class=\"elementor-icon-list-text\">Prolif\u00e9ration des esp\u00e8ces exotiques envahissantes<\/span>\n\t\t\t\t\t\t\t\t\t<\/li>\n\t\t\t\t\t\t<\/ul>\n\t\t\t\t\t\t<\/div>\n\t\t\t\t<\/div>\n\t\t\t\t<div class=\"elementor-element elementor-element-f19ad8d elementor-widget elementor-widget-toggle\" data-id=\"f19ad8d\" data-element_type=\"widget\" data-e-type=\"widget\" data-widget_type=\"toggle.default\">\n\t\t\t\t<div class=\"elementor-widget-container\">\n\t\t\t\t\t\t\t<div class=\"elementor-toggle\">\n\t\t\t\t\t\t\t<div class=\"elementor-toggle-item\">\n\t\t\t\t\t<div id=\"elementor-tab-title-2531\" class=\"elementor-tab-title\" data-tab=\"1\" role=\"button\" aria-controls=\"elementor-tab-content-2531\" aria-expanded=\"false\">\n\t\t\t\t\t\t\t\t\t\t\t\t<span class=\"elementor-toggle-icon elementor-toggle-icon-left\" aria-hidden=\"true\">\n\t\t\t\t\t\t\t\t\t\t\t\t\t\t\t<span class=\"elementor-toggle-icon-closed\"><i class=\"fas fa-chevron-down\"><\/i><\/span>\n\t\t\t\t\t\t\t\t<span class=\"elementor-toggle-icon-opened\"><i class=\"elementor-toggle-icon-opened fas fa-chevron-up\"><\/i><\/span>\n\t\t\t\t\t\t\t\t\t\t\t\t\t<\/span>\n\t\t\t\t\t\t\t\t\t\t\t\t<a class=\"elementor-toggle-title\" tabindex=\"0\">Lien avec le Plan d'action<\/a>\n\t\t\t\t\t<\/div>\n\n\t\t\t\t\t<div id=\"elementor-tab-content-2531\" class=\"elementor-tab-content elementor-clearfix\" data-tab=\"1\" role=\"region\" aria-labelledby=\"elementor-tab-title-2531\"><p>Le Plan d\u2019action est \u00e9labor\u00e9 par le Conseil de bassin de la rivi\u00e8re du Cap Rouge (CBRCR \u2013 Plan d\u2019action 2014).<\/p><p>\u00a0<\/p><\/div>\n\t\t\t\t<\/div>\n\t\t\t\t\t\t\t<div class=\"elementor-toggle-item\">\n\t\t\t\t\t<div id=\"elementor-tab-title-2532\" class=\"elementor-tab-title\" data-tab=\"2\" role=\"button\" aria-controls=\"elementor-tab-content-2532\" aria-expanded=\"false\">\n\t\t\t\t\t\t\t\t\t\t\t\t<span class=\"elementor-toggle-icon elementor-toggle-icon-left\" aria-hidden=\"true\">\n\t\t\t\t\t\t\t\t\t\t\t\t\t\t\t<span class=\"elementor-toggle-icon-closed\"><i class=\"fas fa-chevron-down\"><\/i><\/span>\n\t\t\t\t\t\t\t\t<span class=\"elementor-toggle-icon-opened\"><i class=\"elementor-toggle-icon-opened fas fa-chevron-up\"><\/i><\/span>\n\t\t\t\t\t\t\t\t\t\t\t\t\t<\/span>\n\t\t\t\t\t\t\t\t\t\t\t\t<a class=\"elementor-toggle-title\" tabindex=\"0\">Lien avec le Plan directeur de l'eau<\/a>\n\t\t\t\t\t<\/div>\n\n\t\t\t\t\t<div id=\"elementor-tab-content-2532\" class=\"elementor-tab-content elementor-clearfix\" data-tab=\"2\" role=\"region\" aria-labelledby=\"elementor-tab-title-2532\"><p>Le plan directeur de l\u2019eau est \u00e9labor\u00e9 par l\u2019Organisme des bassins versant de la Capitale (<a href=\"https:\/\/www.obvcapitale.org\/plan-directeur-eau\/plan-daction\/\" target=\"_blank\" rel=\"noopener\">OBVC<\/a>).<\/p><p><strong>Orientation 2A<\/strong>\u00a0: Assurer la conservation des milieux naturels sur le territoire.<\/p><p style=\"padding-left: 40px;\">Action 2Ac \u2013 Sensibiliser les propri\u00e9taires des milieux naturels \u00e0 l\u2019adoption de mesures de conservation volontaire.<\/p><\/div>\n\t\t\t\t<\/div>\n\t\t\t\t\t\t\t\t<\/div>\n\t\t\t\t\t\t<\/div>\n\t\t\t\t<\/div>\n\t\t\t\t\t<\/div>\n\t\t<\/div>\n\t\t\t\t\t<\/div>\n\t\t<\/section>\n\t\t\t\t<section class=\"elementor-section elementor-top-section elementor-element elementor-element-025812d elementor-section-boxed elementor-section-height-default elementor-section-height-default\" data-id=\"025812d\" data-element_type=\"section\" data-e-type=\"section\">\n\t\t\t\t\t\t<div class=\"elementor-container elementor-column-gap-default\">\n\t\t\t\t\t<div class=\"elementor-column elementor-col-100 elementor-top-column elementor-element elementor-element-12252f3\" data-id=\"12252f3\" data-element_type=\"column\" data-e-type=\"column\">\n\t\t\t<div class=\"elementor-widget-wrap elementor-element-populated\">\n\t\t\t\t\t\t<div class=\"elementor-element elementor-element-6ce0ba2 elementor-widget elementor-widget-heading\" data-id=\"6ce0ba2\" data-element_type=\"widget\" data-e-type=\"widget\" data-widget_type=\"heading.default\">\n\t\t\t\t<div class=\"elementor-widget-container\">\n\t\t\t\t\t<h2 class=\"elementor-heading-title elementor-size-default\">Partenaires<\/h2>\t\t\t\t<\/div>\n\t\t\t\t<\/div>\n\t\t\t\t<div class=\"elementor-element elementor-element-d4b7ac7 elementor-widget elementor-widget-text-editor\" data-id=\"d4b7ac7\" data-element_type=\"widget\" data-e-type=\"widget\" data-widget_type=\"text-editor.default\">\n\t\t\t\t<div class=\"elementor-widget-container\">\n\t\t\t\t\t\t\t\t\t<p>Ce projet fut g\u00e9r\u00e9 par l\u2019Organisme des bassins versants de la Capitale. Le CBRCR \u00e9tait un partenaire essentiel pour contacter et r\u00e9aliser les demandes de subvention avec les producteurs agricoles. \u00a0De plus, ce partenariat comprenait l\u2019UPA Qu\u00e9bec\/Jacques-Cartier, le club agroenvironnemental de la Rive-Nord et le MAPAQ.<\/p>\t\t\t\t\t\t\t\t<\/div>\n\t\t\t\t<\/div>\n\t\t\t\t\t<\/div>\n\t\t<\/div>\n\t\t\t\t\t<\/div>\n\t\t<\/section>\n\t\t\t\t<section class=\"elementor-section elementor-top-section elementor-element elementor-element-4d97871 elementor-section-boxed elementor-section-height-default elementor-section-height-default\" data-id=\"4d97871\" data-element_type=\"section\" data-e-type=\"section\">\n\t\t\t\t\t\t<div class=\"elementor-container elementor-column-gap-default\">\n\t\t\t\t\t<div class=\"elementor-column elementor-col-25 elementor-top-column elementor-element elementor-element-6a61d87\" data-id=\"6a61d87\" data-element_type=\"column\" data-e-type=\"column\">\n\t\t\t<div class=\"elementor-widget-wrap elementor-element-populated\">\n\t\t\t\t\t\t<div class=\"elementor-element elementor-element-282332c elementor-widget elementor-widget-image\" data-id=\"282332c\" data-element_type=\"widget\" data-e-type=\"widget\" data-widget_type=\"image.default\">\n\t\t\t\t<div class=\"elementor-widget-container\">\n\t\t\t\t\t\t\t\t\t\t\t\t\t\t\t<img loading=\"lazy\" decoding=\"async\" width=\"150\" height=\"150\" src=\"https:\/\/cbrcr.org\/wp-content\/uploads\/2021\/04\/Logo-OBVC-1-150x150.png\" class=\"attachment-thumbnail size-thumbnail wp-image-2070\" alt=\"\" srcset=\"https:\/\/cbrcr.org\/wp-content\/uploads\/2021\/04\/Logo-OBVC-1-150x150.png 150w, https:\/\/cbrcr.org\/wp-content\/uploads\/2021\/04\/Logo-OBVC-1-300x300.png 300w, https:\/\/cbrcr.org\/wp-content\/uploads\/2021\/04\/Logo-OBVC-1-100x100.png 100w, https:\/\/cbrcr.org\/wp-content\/uploads\/2021\/04\/Logo-OBVC-1-350x350.png 350w, https:\/\/cbrcr.org\/wp-content\/uploads\/2021\/04\/Logo-OBVC-1.png 500w\" sizes=\"(max-width: 767px) 89vw, (max-width: 1000px) 54vw, (max-width: 1071px) 543px, 580px\" \/>\t\t\t\t\t\t\t\t\t\t\t\t\t\t\t<\/div>\n\t\t\t\t<\/div>\n\t\t\t\t\t<\/div>\n\t\t<\/div>\n\t\t\t\t<div class=\"elementor-column elementor-col-25 elementor-top-column elementor-element elementor-element-ac4fa91\" data-id=\"ac4fa91\" data-element_type=\"column\" data-e-type=\"column\">\n\t\t\t<div class=\"elementor-widget-wrap elementor-element-populated\">\n\t\t\t\t\t\t<div class=\"elementor-element elementor-element-9254f7a elementor-widget elementor-widget-image\" data-id=\"9254f7a\" data-element_type=\"widget\" data-e-type=\"widget\" data-widget_type=\"image.default\">\n\t\t\t\t<div class=\"elementor-widget-container\">\n\t\t\t\t\t\t\t\t\t\t\t\t\t\t\t<img loading=\"lazy\" decoding=\"async\" width=\"1200\" height=\"630\" src=\"https:\/\/cbrcr.org\/wp-content\/uploads\/2021\/11\/UPA.png\" class=\"attachment-full size-full wp-image-3621\" alt=\"\" srcset=\"https:\/\/cbrcr.org\/wp-content\/uploads\/2021\/11\/UPA.png 1200w, https:\/\/cbrcr.org\/wp-content\/uploads\/2021\/11\/UPA-300x158.png 300w, https:\/\/cbrcr.org\/wp-content\/uploads\/2021\/11\/UPA-768x403.png 768w, https:\/\/cbrcr.org\/wp-content\/uploads\/2021\/11\/UPA-1024x538.png 1024w, https:\/\/cbrcr.org\/wp-content\/uploads\/2021\/11\/UPA-350x184.png 350w\" sizes=\"(max-width: 767px) 89vw, (max-width: 1000px) 54vw, (max-width: 1071px) 543px, 580px\" \/>\t\t\t\t\t\t\t\t\t\t\t\t\t\t\t<\/div>\n\t\t\t\t<\/div>\n\t\t\t\t\t<\/div>\n\t\t<\/div>\n\t\t\t\t<div class=\"elementor-column elementor-col-25 elementor-top-column elementor-element elementor-element-2f2f05d\" data-id=\"2f2f05d\" data-element_type=\"column\" data-e-type=\"column\">\n\t\t\t<div class=\"elementor-widget-wrap elementor-element-populated\">\n\t\t\t\t\t\t<div class=\"elementor-element elementor-element-94167bd elementor-widget elementor-widget-image\" data-id=\"94167bd\" data-element_type=\"widget\" data-e-type=\"widget\" data-widget_type=\"image.default\">\n\t\t\t\t<div class=\"elementor-widget-container\">\n\t\t\t\t\t\t\t\t\t\t\t\t\t\t\t<img loading=\"lazy\" decoding=\"async\" width=\"150\" height=\"150\" src=\"https:\/\/cbrcr.org\/wp-content\/uploads\/2021\/11\/CARN-150x150.jpg\" class=\"attachment-thumbnail size-thumbnail wp-image-3620\" alt=\"\" srcset=\"https:\/\/cbrcr.org\/wp-content\/uploads\/2021\/11\/CARN-150x150.jpg 150w, https:\/\/cbrcr.org\/wp-content\/uploads\/2021\/11\/CARN-100x100.jpg 100w, https:\/\/cbrcr.org\/wp-content\/uploads\/2021\/11\/CARN.jpg 225w\" sizes=\"(max-width: 767px) 89vw, (max-width: 1000px) 54vw, (max-width: 1071px) 543px, 580px\" \/>\t\t\t\t\t\t\t\t\t\t\t\t\t\t\t<\/div>\n\t\t\t\t<\/div>\n\t\t\t\t\t<\/div>\n\t\t<\/div>\n\t\t\t\t<div class=\"elementor-column elementor-col-25 elementor-top-column elementor-element elementor-element-b4c0a06\" data-id=\"b4c0a06\" data-element_type=\"column\" data-e-type=\"column\">\n\t\t\t<div class=\"elementor-widget-wrap elementor-element-populated\">\n\t\t\t\t\t\t<div class=\"elementor-element elementor-element-5e2139e elementor-widget elementor-widget-image\" data-id=\"5e2139e\" data-element_type=\"widget\" data-e-type=\"widget\" data-widget_type=\"image.default\">\n\t\t\t\t<div class=\"elementor-widget-container\">\n\t\t\t\t\t\t\t\t\t\t\t\t\t\t\t<img loading=\"lazy\" decoding=\"async\" width=\"150\" height=\"150\" src=\"https:\/\/cbrcr.org\/wp-content\/uploads\/2021\/07\/Logo-MAPAQ-150x150.png\" class=\"attachment-thumbnail size-thumbnail wp-image-2893\" alt=\"\" srcset=\"https:\/\/cbrcr.org\/wp-content\/uploads\/2021\/07\/Logo-MAPAQ-150x150.png 150w, https:\/\/cbrcr.org\/wp-content\/uploads\/2021\/07\/Logo-MAPAQ-300x300.png 300w, https:\/\/cbrcr.org\/wp-content\/uploads\/2021\/07\/Logo-MAPAQ-100x100.png 100w, https:\/\/cbrcr.org\/wp-content\/uploads\/2021\/07\/Logo-MAPAQ-350x350.png 350w, https:\/\/cbrcr.org\/wp-content\/uploads\/2021\/07\/Logo-MAPAQ.png 500w\" sizes=\"(max-width: 767px) 89vw, (max-width: 1000px) 54vw, (max-width: 1071px) 543px, 580px\" \/>\t\t\t\t\t\t\t\t\t\t\t\t\t\t\t<\/div>\n\t\t\t\t<\/div>\n\t\t\t\t\t<\/div>\n\t\t<\/div>\n\t\t\t\t\t<\/div>\n\t\t<\/section>\n\t\t\t\t<section class=\"elementor-section elementor-top-section elementor-element elementor-element-af2600a elementor-section-boxed elementor-section-height-default elementor-section-height-default\" data-id=\"af2600a\" data-element_type=\"section\" data-e-type=\"section\">\n\t\t\t\t\t\t<div class=\"elementor-container elementor-column-gap-default\">\n\t\t\t\t\t<div class=\"elementor-column elementor-col-100 elementor-top-column elementor-element elementor-element-dbdb4c0\" data-id=\"dbdb4c0\" data-element_type=\"column\" data-e-type=\"column\">\n\t\t\t<div class=\"elementor-widget-wrap elementor-element-populated\">\n\t\t\t\t\t\t<div class=\"elementor-element elementor-element-bd14a3a elementor-widget elementor-widget-heading\" data-id=\"bd14a3a\" data-element_type=\"widget\" data-e-type=\"widget\" data-widget_type=\"heading.default\">\n\t\t\t\t<div class=\"elementor-widget-container\">\n\t\t\t\t\t<h2 class=\"elementor-heading-title elementor-size-default\">Publications associ\u00e9es<\/h2>\t\t\t\t<\/div>\n\t\t\t\t<\/div>\n\t\t\t\t<div class=\"elementor-element elementor-element-4dbc9d3 elementor-widget elementor-widget-text-editor\" data-id=\"4dbc9d3\" data-element_type=\"widget\" data-e-type=\"widget\" data-widget_type=\"text-editor.default\">\n\t\t\t\t<div class=\"elementor-widget-container\">\n\t\t\t\t\t\t\t\t\t<p>Rapport confidentiel pour cause de donn\u00e9es personnelles des producteurs agricoles.<\/p>\t\t\t\t\t\t\t\t<\/div>\n\t\t\t\t<\/div>\n\t\t\t\t\t<\/div>\n\t\t<\/div>\n\t\t\t\t\t<\/div>\n\t\t<\/section>\n\t\t\t\t<\/div>\n\t\t","protected":false},"excerpt":{"rendered":"<p>Objectifs Caract\u00e9riser et identifier les probl\u00e9matiques dans le sous-bassin versant du ruisseau d\u2019Eau Claire dans le secteur agricole ; Proposer des am\u00e9nagements agroenvironnementaux aux producteurs agricoles, afin de r\u00e9soudre les probl\u00e9matiques observ\u00e9es. R\u00e9sum\u00e9 du projet Le projet s\u2019est d\u00e9roul\u00e9 dans le sous-bassin-versant du ruisseau d\u2019Eau Claire (no. 18) qui se situe en t\u00eate de la &hellip; <\/p>\n<p class=\"link-more\"><a href=\"https:\/\/cbrcr.org\/index.php\/2012\/11\/16\/2012-a-2014-projet-damenagement-des-berges-et-des-corridors-fauniques-dans-le-sous-bassin-amont-de-la-riviere-du-cap-rouge\/\" class=\"more-link\">Continuer la lecture<span class=\"screen-reader-text\"> de &laquo; 2012 \u00e0 2014 &#8211; Projet d\u2019am\u00e9nagement des berges et des corridors fauniques dans le sous-bassin amont de la rivi\u00e8re du Cap-Rouge &raquo;<\/span><\/a><\/p>\n","protected":false},"author":1,"featured_media":0,"comment_status":"closed","ping_status":"open","sticky":false,"template":"","format":"standard","meta":{"inline_featured_image":false,"footnotes":""},"categories":[43],"tags":[],"class_list":["post-3618","post","type-post","status-publish","format-standard","hentry","category-projets-partenaires"],"publishpress_future_action":{"enabled":false,"date":"2026-05-07 03:53:19","action":"change-status","newStatus":"draft","terms":[],"taxonomy":"category","extraData":[]},"publishpress_future_workflow_manual_trigger":{"enabledWorkflows":[]},"_links":{"self":[{"href":"https:\/\/cbrcr.org\/index.php\/wp-json\/wp\/v2\/posts\/3618","targetHints":{"allow":["GET"]}}],"collection":[{"href":"https:\/\/cbrcr.org\/index.php\/wp-json\/wp\/v2\/posts"}],"about":[{"href":"https:\/\/cbrcr.org\/index.php\/wp-json\/wp\/v2\/types\/post"}],"author":[{"embeddable":true,"href":"https:\/\/cbrcr.org\/index.php\/wp-json\/wp\/v2\/users\/1"}],"replies":[{"embeddable":true,"href":"https:\/\/cbrcr.org\/index.php\/wp-json\/wp\/v2\/comments?post=3618"}],"version-history":[{"count":14,"href":"https:\/\/cbrcr.org\/index.php\/wp-json\/wp\/v2\/posts\/3618\/revisions"}],"predecessor-version":[{"id":4421,"href":"https:\/\/cbrcr.org\/index.php\/wp-json\/wp\/v2\/posts\/3618\/revisions\/4421"}],"wp:attachment":[{"href":"https:\/\/cbrcr.org\/index.php\/wp-json\/wp\/v2\/media?parent=3618"}],"wp:term":[{"taxonomy":"category","embeddable":true,"href":"https:\/\/cbrcr.org\/index.php\/wp-json\/wp\/v2\/categories?post=3618"},{"taxonomy":"post_tag","embeddable":true,"href":"https:\/\/cbrcr.org\/index.php\/wp-json\/wp\/v2\/tags?post=3618"}],"curies":[{"name":"wp","href":"https:\/\/api.w.org\/{rel}","templated":true}]}}